{"id":37189,"date":"2025-03-05T04:27:51","date_gmt":"2025-03-05T03:27:51","guid":{"rendered":"https:\/\/www.lintelligentdabidjan.info\/news\/?p=37189"},"modified":"2025-03-05T04:27:55","modified_gmt":"2025-03-05T03:27:55","slug":"infas-bouake-2077-etudiants-pret-a-integrer-le-monde-professionnel","status":"publish","type":"post","link":"https:\/\/www.lintelligentdabidjan.info\/news\/infas-bouake-2077-etudiants-pret-a-integrer-le-monde-professionnel\/","title":{"rendered":"INFAS- Bouak\u00e9   2077 \u00e9tudiants pr\u00eat \u00e0 int\u00e9grer le monde professionnel"},"content":{"rendered":"<p><em><strong>L\u2019antenne de l\u2019Institut National de Formation des Agents de la Sant\u00e9 (INFAS) de Bouak\u00e9 a vibr\u00e9 le jeudi 27 f\u00e9vrier 2025 au rythme d\u2019une double c\u00e9r\u00e9monie marquant un tournant d\u00e9cisif pour ses \u00e9tudiants. Il s\u2019agissait de la prestation de serment des \u00e9tudiants de la 32e promotion et du port de blouse pour ceux de la 33e promotion. L\u2019\u00e9v\u00e9nement, qui a rassembl\u00e9 autorit\u00e9s locales, encadrants, parents et proches des \u00e9tudiants, a \u00e9t\u00e9 marqu\u00e9 par des discours empreints de responsabilit\u00e9 et d\u2019engagement professionnel.<\/strong><\/em><\/p>\n<p>Dans son allocution, Coulibaly Sinan, directeur de l\u2019antenne INFAS de Bouak\u00e9, s\u2019est adress\u00e9 aux \u00e9tudiants de la 33e promotion en mettant en lumi\u00e8re la symbolique et l\u2019importance de la blouse dans l\u2019univers m\u00e9dical.<\/p>\n<p>&#8220;La blouse a une autre fonction, la promotion de l&#8217;hygi\u00e8ne, la protection contre les infections nosocomiales, l&#8217;identification claire et rapide au sein de l&#8217;espace de soins, des fonctions, des comp\u00e9tences et des attributions de chaque agent de sant\u00e9. Elle symbolise l&#8217;engagement, le professionnalisme et la notion de service, tout en inspirant la confiance dans la relation soignant-soign\u00e9. C&#8217;est aussi un code vestimentaire qui symbolise l&#8217;esprit de corps entre les professionnels de la sant\u00e9&#8221;, a-t-il soulign\u00e9.<\/p>\n<p><strong>2 077 dipl\u00f4m\u00e9s pr\u00eats \u00e0 int\u00e9grer le secteur de la sant\u00e9<\/strong><\/p>\n<p>Cette c\u00e9r\u00e9monie a \u00e9galement marqu\u00e9 la fin de formation pour 2 077 \u00e9tudiants de la 32e promotion, d\u00e9sormais pr\u00eats \u00e0 int\u00e9grer le monde professionnel. Parmi eux, 935 infirmiers, 509 sages-femmes et ma\u00efeuticiens, 173 techniciens de biologie m\u00e9dicale, 302 auxiliaires en soins infirmiers et 158 auxiliaires en soins obst\u00e9tricaux. Ces jeunes dipl\u00f4m\u00e9s sont d\u00e9sormais aptes \u00e0 servir et \u00e0 relever les d\u00e9fis du secteur sanitaire.<\/p>\n<p>Saluant leur parcours, Coulibaly Sinan leur a adress\u00e9 un message d\u2019encouragement et de responsabilit\u00e9 :<\/p>\n<p>&#8220;Nous comptons sur vous pour incarner l&#8217;image de l&#8217;agent de sant\u00e9 nouveau pour \u00e9pargner notre institut. Les d\u00e9fis sanitaires sur le terrain sont nombreux, mais nous savons que vous avez les aptitudes pouvant permettre de rendre notre syst\u00e8me de sant\u00e9 efficace, voire m\u00eame efficient.&#8221;<\/p>\n<p><strong>Un appel au professionnalisme et \u00e0 l\u2019excellence<\/strong><\/p>\n<p>Le parrain de la c\u00e9r\u00e9monie, Youeto Nahoua Symphorien, chef d\u2019antenne de l\u2019INFAS de Man, a, quant \u00e0 lui, exhort\u00e9 les nouveaux dipl\u00f4m\u00e9s \u00e0 ne jamais perdre de vue les valeurs qui fondent leur profession.<\/p>\n<p>&#8220;N&#8217;oubliez jamais les valeurs que vous vous appr\u00eatez \u00e0 d\u00e9fendre et soyez toujours guid\u00e9s par le sens de l&#8217;int\u00e9r\u00eat g\u00e9n\u00e9ral. Je vous souhaite \u00e0 toutes et \u00e0 tous une carri\u00e8re riche en succ\u00e8s et en accomplissement. Que votre serment soit le reflet de votre engagement et de votre d\u00e9vouement envers votre profession et envers la soci\u00e9t\u00e9. Tous ensemble, allons vers l&#8217;excellence&#8221;, a-t-il d\u00e9clar\u00e9.<\/p>\n<p><strong>Une promotion fi\u00e8re et reconnaissante<\/strong><\/p>\n<p>Au nom de ses camarades, le pr\u00e9sident de la promotion sortante, Traor\u00e9 Zi\u00e9 , a exprim\u00e9 sa reconnaissance envers l\u2019administration de l\u2019INFAS et a promis de repr\u00e9senter fi\u00e8rement leur formation dans l\u2019exercice de leurs fonctions.<\/p>\n<p>&#8220;Nous vous promettons de tout mettre en \u0153uvre pour vous faire honneur, ainsi qu&#8217;\u00e0 la corporation, et de porter haut les valeurs transmises.&#8221;<\/p>\n<p>Avec un taux de r\u00e9ussite exceptionnel de 100 % au dipl\u00f4me d\u2019\u00c9tat, la 32e promotion passe le flambeau \u00e0 la 33e, qui entame une nouvelle \u00e9tape de son parcours acad\u00e9mique sous le signe de l\u2019engagement et de la rigueur.<\/p>\n<p><strong>Nambac\u00e9r\u00e9 Jo\u00ebl<\/strong><\/p>\n","protected":false},"excerpt":{"rendered":"<p>L\u2019antenne de l\u2019Institut National de Formation des Agents de la Sant\u00e9 (INFAS) de Bouak\u00e9 a vibr\u00e9 le jeudi 27 f\u00e9vrier 2025 au rythme d\u2019une double c\u00e9r\u00e9monie marquant un tournant d\u00e9cisif pour ses \u00e9tudiants. Il s\u2019agissait de la prestation de serment des \u00e9tudiants de la 32e promotion et du port de blouse pour ceux de la [&hellip;]<\/p>\n","protected":false},"author":4,"featured_media":37190,"comment_status":"closed","ping_status":"closed","sticky":false,"template":"","format":"standard","meta":{"_monsterinsights_skip_tracking":false,"_monsterinsights_sitenote_active":false,"_monsterinsights_sitenote_note":"","_monsterinsights_sitenote_category":0,"footnotes":""},"categories":[2,3],"tags":[125,598,2736,4728,4729],"class_list":["post-37189","post","type-post","status-publish","format-standard","has-post-thumbnail","hentry","category-featured","category-societe","tag-bouake","tag-etudiants","tag-infas","tag-integre","tag-monde-professionnel"],"_links":{"self":[{"href":"https:\/\/www.lintelligentdabidjan.info\/news\/wp-json\/wp\/v2\/posts\/37189","targetHints":{"allow":["GET"]}}],"collection":[{"href":"https:\/\/www.lintelligentdabidjan.info\/news\/wp-json\/wp\/v2\/posts"}],"about":[{"href":"https:\/\/www.lintelligentdabidjan.info\/news\/wp-json\/wp\/v2\/types\/post"}],"author":[{"embeddable":true,"href":"https:\/\/www.lintelligentdabidjan.info\/news\/wp-json\/wp\/v2\/users\/4"}],"replies":[{"embeddable":true,"href":"https:\/\/www.lintelligentdabidjan.info\/news\/wp-json\/wp\/v2\/comments?post=37189"}],"version-history":[{"count":1,"href":"https:\/\/www.lintelligentdabidjan.info\/news\/wp-json\/wp\/v2\/posts\/37189\/revisions"}],"predecessor-version":[{"id":37191,"href":"https:\/\/www.lintelligentdabidjan.info\/news\/wp-json\/wp\/v2\/posts\/37189\/revisions\/37191"}],"wp:featuredmedia":[{"embeddable":true,"href":"https:\/\/www.lintelligentdabidjan.info\/news\/wp-json\/wp\/v2\/media\/37190"}],"wp:attachment":[{"href":"https:\/\/www.lintelligentdabidjan.info\/news\/wp-json\/wp\/v2\/media?parent=37189"}],"wp:term":[{"taxonomy":"category","embeddable":true,"href":"https:\/\/www.lintelligentdabidjan.info\/news\/wp-json\/wp\/v2\/categories?post=37189"},{"taxonomy":"post_tag","embeddable":true,"href":"https:\/\/www.lintelligentdabidjan.info\/news\/wp-json\/wp\/v2\/tags?post=37189"}],"curies":[{"name":"wp","href":"https:\/\/api.w.org\/{rel}","templated":true}]}}