{"id":37192,"date":"2025-03-05T04:30:56","date_gmt":"2025-03-05T03:30:56","guid":{"rendered":"https:\/\/www.lintelligentdabidjan.info\/news\/?p=37192"},"modified":"2025-03-05T04:31:00","modified_gmt":"2025-03-05T03:31:00","slug":"kone-mamadou-depuis-marcory-alassane-ouattara-le-seul-choix-credible-pour-2025","status":"publish","type":"post","link":"https:\/\/www.lintelligentdabidjan.info\/news\/kone-mamadou-depuis-marcory-alassane-ouattara-le-seul-choix-credible-pour-2025\/","title":{"rendered":"Kon\u00e9 Mamadou depuis Marcory :   \u00ab Alassane Ouattara, le seul choix cr\u00e9dible pour 2025 \u00bb"},"content":{"rendered":"<p><em><strong>Le nouveau coordinateur de l\u2019Union des jeunes RHDP ( UJ-RHDP)  \u00e0 Marcory,  Kon\u00e9 Hadiz, a \u00e9t\u00e9 investi le samedi 29 f\u00e9vrier 2025 . Lors de cette c\u00e9r\u00e9monie,  le pr\u00e9sident de la structure  Kon\u00e9 Mamadou, a r\u00e9affirm\u00e9 avec conviction sa position sur l\u2019\u00e9lection pr\u00e9sidentielle \u00e0 venir. \u00ab En 2025, la seule figure cr\u00e9dible \u00e0 qui les Ivoiriens doivent renouveler leur confiance, c\u2019est le Pr\u00e9sident Alassane Ouattara \u00bb, a-t-il d\u00e9clar\u00e9.<\/strong><\/em><\/p>\n<p>Son argument principal repose sur les nombreuses r\u00e9alisations du chef de l\u2019\u00c9tat en mati\u00e8re de d\u00e9veloppement. \u00ab Aujourd\u2019hui, dans tout le pays, chaque grand village dispose d\u2019un coll\u00e8ge de proximit\u00e9. C\u2019est cela, la vision du Pr\u00e9sident Alassane Ouattara \u00bb, a-t-il illustr\u00e9, insistant sur les avanc\u00e9es ayant transform\u00e9 le quotidien des Ivoiriens. Selon lui, des pr\u00e9occupations qui pesaient autrefois sur les familles sont d\u00e9sormais r\u00e9solues.<\/p>\n<p>\u00c9voquant le rapport de force politique, Kon\u00e9 Mamadou a mis en avant la structuration et l\u2019implantation du RHDP sur l\u2019ensemble du territoire, contrastant avec une opposition qu\u2019il juge peu visible et en manque de projet concret. \u00ab Nous avons un pr\u00e9sident charismatique et un parti solidement implant\u00e9. Chaque week-end, nos cadres sont pr\u00e9sents partout en C\u00f4te d\u2019Ivoire. En face, on ne les voit nulle part \u00bb, a-t-il lanc\u00e9, pointant une opposition qu\u2019il accuse de chercher des moyens d\u00e9tourn\u00e9s pour exister sur la sc\u00e8ne politique. Il a  laiss\u00e9  entendre que certains acteurs tenteraient de semer le trouble, faute de pouvoir convaincre les \u00e9lecteurs.<\/p>\n<p>Face \u00e0 cette situation, Kon\u00e9 Mamadou a exhort\u00e9 la jeunesse du RHDP \u00e0 rester vigilante et mobilis\u00e9e. \u00ab Nous devons \u00eatre pr\u00eats \u00e0 faire barrage \u00e0 tous ces aventuriers et \u00e9viter toute distraction \u00bb, a-t-il martel\u00e9 avec fermet\u00e9.<\/p>\n<p><strong>Beker Yao<\/strong><\/p>\n","protected":false},"excerpt":{"rendered":"<p>Le nouveau coordinateur de l\u2019Union des jeunes RHDP ( UJ-RHDP) \u00e0 Marcory, Kon\u00e9 Hadiz, a \u00e9t\u00e9 investi le samedi 29 f\u00e9vrier 2025 . Lors de cette c\u00e9r\u00e9monie, le pr\u00e9sident de la structure Kon\u00e9 Mamadou, a r\u00e9affirm\u00e9 avec conviction sa position sur l\u2019\u00e9lection pr\u00e9sidentielle \u00e0 venir. \u00ab En 2025, la seule figure cr\u00e9dible \u00e0 qui les [&hellip;]<\/p>\n","protected":false},"author":4,"featured_media":37193,"comment_status":"closed","ping_status":"closed","sticky":false,"template":"","format":"standard","meta":{"_monsterinsights_skip_tracking":false,"_monsterinsights_sitenote_active":false,"_monsterinsights_sitenote_note":"","_monsterinsights_sitenote_category":0,"footnotes":""},"categories":[2,17],"tags":[39,1150,288],"class_list":["post-37192","post","type-post","status-publish","format-standard","has-post-thumbnail","hentry","category-featured","category-politique","tag-alassane-ouattara","tag-kone-mamadou","tag-marcory"],"_links":{"self":[{"href":"https:\/\/www.lintelligentdabidjan.info\/news\/wp-json\/wp\/v2\/posts\/37192","targetHints":{"allow":["GET"]}}],"collection":[{"href":"https:\/\/www.lintelligentdabidjan.info\/news\/wp-json\/wp\/v2\/posts"}],"about":[{"href":"https:\/\/www.lintelligentdabidjan.info\/news\/wp-json\/wp\/v2\/types\/post"}],"author":[{"embeddable":true,"href":"https:\/\/www.lintelligentdabidjan.info\/news\/wp-json\/wp\/v2\/users\/4"}],"replies":[{"embeddable":true,"href":"https:\/\/www.lintelligentdabidjan.info\/news\/wp-json\/wp\/v2\/comments?post=37192"}],"version-history":[{"count":1,"href":"https:\/\/www.lintelligentdabidjan.info\/news\/wp-json\/wp\/v2\/posts\/37192\/revisions"}],"predecessor-version":[{"id":37194,"href":"https:\/\/www.lintelligentdabidjan.info\/news\/wp-json\/wp\/v2\/posts\/37192\/revisions\/37194"}],"wp:featuredmedia":[{"embeddable":true,"href":"https:\/\/www.lintelligentdabidjan.info\/news\/wp-json\/wp\/v2\/media\/37193"}],"wp:attachment":[{"href":"https:\/\/www.lintelligentdabidjan.info\/news\/wp-json\/wp\/v2\/media?parent=37192"}],"wp:term":[{"taxonomy":"category","embeddable":true,"href":"https:\/\/www.lintelligentdabidjan.info\/news\/wp-json\/wp\/v2\/categories?post=37192"},{"taxonomy":"post_tag","embeddable":true,"href":"https:\/\/www.lintelligentdabidjan.info\/news\/wp-json\/wp\/v2\/tags?post=37192"}],"curies":[{"name":"wp","href":"https:\/\/api.w.org\/{rel}","templated":true}]}}