{"id":37195,"date":"2025-03-05T04:33:47","date_gmt":"2025-03-05T03:33:47","guid":{"rendered":"https:\/\/www.lintelligentdabidjan.info\/news\/?p=37195"},"modified":"2025-03-05T04:33:55","modified_gmt":"2025-03-05T03:33:55","slug":"assemblee-generale-du-gpm-ci-un-nouveau-chapitre-pour-le-secteur-minier","status":"publish","type":"post","link":"https:\/\/www.lintelligentdabidjan.info\/news\/assemblee-generale-du-gpm-ci-un-nouveau-chapitre-pour-le-secteur-minier\/","title":{"rendered":"Assembl\u00e9e G\u00e9n\u00e9rale du Gpm-Ci-  Un nouveau chapitre pour le secteur minier"},"content":{"rendered":"<p><em><strong>Le Groupement Professionnel des Miniers de C\u00f4te d&#8217;Ivoire (Gpm-Ci) a tenu son assembl\u00e9e g\u00e9n\u00e9rale ordinaire le vendredi 28 f\u00e9vrier 2025 \u00e0 la salle Jewels de la Conf\u00e9d\u00e9ration G\u00e9n\u00e9rale des Entreprises de C\u00f4te d&#8217;Ivoire d\u2019Abidjan-Plateau.<\/strong><\/em><\/p>\n<p>Cet \u00e9v\u00e9nement, pr\u00e9sid\u00e9 par Jean-Claude Diplo, a marqu\u00e9 une \u00e9tape importante  pour l&#8217;organisation, avec la pr\u00e9sentation du bilan du Conseil d&#8217;Administration sortant et le renouvellement de ses membres pour la mandature 2025-2028. Lors de cette assembl\u00e9e, Dr Diarra Yacouba, directeur g\u00e9n\u00e9ral de Perseus Mining et unique candidat en lice, a \u00e9t\u00e9 \u00e9lu par acclamation. Son mandat, qui s&#8217;\u00e9tend jusqu&#8217;en 2028, s&#8217;annonce ambitieux. Dans ses premi\u00e8res d\u00e9clarations, Dr Yacouba a soulign\u00e9 l&#8217;importance de b\u00e2tir sur les acquis du bureau sortant. \u00ab Nous nous engageons \u00e0 consolider les acquis du bureau sortant et \u00e0 travailler \u00e0 aller plus loin. Nous devons travailler avec l\u2019administration pour mettre en place un cadre r\u00e9glementaire pertinent qui \u00e9volue avec les r\u00e9alit\u00e9s de notre secteur d\u2019activit\u00e9 \u00bb, a-t-il d\u00e9clar\u00e9.<\/p>\n<p>Par ailleurs, il a indiqu\u00e9 que les perspectives incluent le renforcement du cadre permanent de concertation avec l\u2019administration mini\u00e8re et un accent sur le contenu local, un enjeu important pour le d\u00e9veloppement de l\u2019industrie. Jean-Claude Diplo, pr\u00e9sident sortant du Gpm-Ci, a encourag\u00e9 son successeur \u00e0 cr\u00e9er un environnement de confiance au sein de l&#8217;organisation. \u00ab Notre organisation est appel\u00e9e \u00e0 grandir. Des app\u00e9tits vont na\u00eetre, des envies de s\u2019affranchir vont arriver aussi. \u00c7a sera notre responsabilit\u00e9 aussi de faire qu\u2019on reste une organisation unique et soud\u00e9e. On devra continuer de jouer ensemble et en rang serr\u00e9 quoi qu\u2019il arrive. J\u2019ai confiance que le conseil entrant continuera de travailler autour de ces valeurs et d\u2019autres et garantira la marche glorieuse de notre organisation \u00bb, a-t-il d\u00e9clar\u00e9 affirmant que pour saisir l\u2019opportunit\u00e9 des belles ann\u00e9es de croissance, leur organisation devra continuer d\u2019\u00eatre en premi\u00e8re ligne avec le gouvernement sur tous les sujets notamment sur le contenu local, la r\u00e9forme de la loi mini\u00e8re, la formation et le d\u00e9veloppement des talents nationaux, s\u2019assurer de la pleine participation des femmes dans le secteur d\u2019industrie, etc.<\/p>\n<p>Moumini Bictogo, nomm\u00e9 pr\u00e9sident du comit\u00e9 des sages, a rappel\u00e9 l&#8217;importance de ce comit\u00e9 dans l&#8217;accompagnement du conseil d&#8217;administration. \u00ab Nous serons aux c\u00f4t\u00e9s du conseil pour les aider \u00e0 peaufiner et am\u00e9liorer ce qu&#8217;il y a \u00e0 faire \u00bb, a-t-il d\u00e9clar\u00e9, soulignant l&#8217;engagement continu des sages pour le bien-\u00eatre de l&#8217;organisation. L&#8217;assembl\u00e9e g\u00e9n\u00e9rale a \u00e9galement \u00e9t\u00e9 l&#8217;occasion de remettre des distinctions honorifiques aux membres fondateurs, aux anciens pr\u00e9sidents du Gpm-Ci et aux membres du conseil d&#8217;administration sortant. Ces gestes de reconnaissance t\u00e9moignent de l&#8217;engagement et des efforts fournis par ces acteurs au service du secteur minier ivoirien.<\/p>\n<p><strong>Tour\u00e9 Abdoulaye avec A. Traor\u00e9<\/strong><\/p>\n","protected":false},"excerpt":{"rendered":"<p>Le Groupement Professionnel des Miniers de C\u00f4te d&#8217;Ivoire (Gpm-Ci) a tenu son assembl\u00e9e g\u00e9n\u00e9rale ordinaire le vendredi 28 f\u00e9vrier 2025 \u00e0 la salle Jewels de la Conf\u00e9d\u00e9ration G\u00e9n\u00e9rale des Entreprises de C\u00f4te d&#8217;Ivoire d\u2019Abidjan-Plateau. Cet \u00e9v\u00e9nement, pr\u00e9sid\u00e9 par Jean-Claude Diplo, a marqu\u00e9 une \u00e9tape importante pour l&#8217;organisation, avec la pr\u00e9sentation du bilan du Conseil d&#8217;Administration [&hellip;]<\/p>\n","protected":false},"author":4,"featured_media":37196,"comment_status":"closed","ping_status":"closed","sticky":false,"template":"","format":"standard","meta":{"_monsterinsights_skip_tracking":false,"_monsterinsights_sitenote_active":false,"_monsterinsights_sitenote_note":"","_monsterinsights_sitenote_category":0,"footnotes":""},"categories":[2,18],"tags":[3135,4730,4731,4732],"class_list":["post-37195","post","type-post","status-publish","format-standard","has-post-thumbnail","hentry","category-featured","category-economie","tag-assemblee-generale","tag-gpm-ci","tag-nouveau-chapitre","tag-secteur-minier"],"_links":{"self":[{"href":"https:\/\/www.lintelligentdabidjan.info\/news\/wp-json\/wp\/v2\/posts\/37195","targetHints":{"allow":["GET"]}}],"collection":[{"href":"https:\/\/www.lintelligentdabidjan.info\/news\/wp-json\/wp\/v2\/posts"}],"about":[{"href":"https:\/\/www.lintelligentdabidjan.info\/news\/wp-json\/wp\/v2\/types\/post"}],"author":[{"embeddable":true,"href":"https:\/\/www.lintelligentdabidjan.info\/news\/wp-json\/wp\/v2\/users\/4"}],"replies":[{"embeddable":true,"href":"https:\/\/www.lintelligentdabidjan.info\/news\/wp-json\/wp\/v2\/comments?post=37195"}],"version-history":[{"count":1,"href":"https:\/\/www.lintelligentdabidjan.info\/news\/wp-json\/wp\/v2\/posts\/37195\/revisions"}],"predecessor-version":[{"id":37197,"href":"https:\/\/www.lintelligentdabidjan.info\/news\/wp-json\/wp\/v2\/posts\/37195\/revisions\/37197"}],"wp:featuredmedia":[{"embeddable":true,"href":"https:\/\/www.lintelligentdabidjan.info\/news\/wp-json\/wp\/v2\/media\/37196"}],"wp:attachment":[{"href":"https:\/\/www.lintelligentdabidjan.info\/news\/wp-json\/wp\/v2\/media?parent=37195"}],"wp:term":[{"taxonomy":"category","embeddable":true,"href":"https:\/\/www.lintelligentdabidjan.info\/news\/wp-json\/wp\/v2\/categories?post=37195"},{"taxonomy":"post_tag","embeddable":true,"href":"https:\/\/www.lintelligentdabidjan.info\/news\/wp-json\/wp\/v2\/tags?post=37195"}],"curies":[{"name":"wp","href":"https:\/\/api.w.org\/{rel}","templated":true}]}}