{"id":37201,"date":"2025-03-06T04:50:02","date_gmt":"2025-03-06T03:50:02","guid":{"rendered":"https:\/\/www.lintelligentdabidjan.info\/news\/?p=37201"},"modified":"2025-03-06T04:50:06","modified_gmt":"2025-03-06T03:50:06","slug":"ramadan-et-careme-chretien-augustin-thiam-remet-50-millions-de-fcfa-en-vivres-aux-familles-demunies","status":"publish","type":"post","link":"https:\/\/www.lintelligentdabidjan.info\/news\/ramadan-et-careme-chretien-augustin-thiam-remet-50-millions-de-fcfa-en-vivres-aux-familles-demunies\/","title":{"rendered":"Ramadan et Car\u00eame chr\u00e9tien-  Augustin Thiam remet 50 millions de FCFA en vivres aux familles d\u00e9munies"},"content":{"rendered":"<p><em><strong>Le mercredi 5 mars 2025, le ministre,gouverneur du district autonome de Yamoussoukro, Augustin Thiam, a apport\u00e9  son  soutien aux communaut\u00e9s religieuses dans le cadre du Ramadan et du Car\u00eame chr\u00e9tien. Son repr\u00e9sentant, Kouassi Augustin F\u00e9lix, 5e vice-gouverneur du district, a remis un don  en vivres \u00e0 la communaut\u00e9 catholique du dioc\u00e8se de Yamoussoukro, lors d\u2019une c\u00e9r\u00e9monie qui s\u2019est tenue au presbyt\u00e8re dioc\u00e9sain.<\/strong><\/em><\/p>\n<p>Compos\u00e9 de cartons de lait  concentr\u00e9  non sucr\u00e9, de sacs de riz, de p\u00e2tes alimentaires, de bo\u00eetes de thon, de sucre, de th\u00e9, d\u2019huile raffin\u00e9e et de bo\u00eetes de tomates, ce don s\u2019inscrit dans la tradition de solidarit\u00e9 initi\u00e9e depuis plusieurs ann\u00e9es par le ministre Augustin Thiam, en faveur des familles d\u00e9munies. <\/p>\n<p>\u00ab Comme il l\u2019a fait r\u00e9cemment pour la communaut\u00e9 musulmane, il \u00e9tait important pour lui de soutenir \u00e9galement la communaut\u00e9 catholique en cette p\u00e9riode de p\u00e9nitence et de partage. L\u2019objectif est de permettre aux fid\u00e8les de vivre leur je\u00fbne dans la s\u00e9r\u00e9nit\u00e9 \u00bb, a expliqu\u00e9 le vice-gouverneur Kouassi Augustin F\u00e9lix. Il a par ailleurs invit\u00e9 les religieux \u00e0 prier pour la paix dans le district et dans toute la C\u00f4te d\u2019Ivoire, particuli\u00e8rement en cette ann\u00e9e \u00e9lectorale. \u00ab Il est essentiel que la paix, la qui\u00e9tude et la coh\u00e9sion sociale r\u00e8gnent au sein des populations \u00bb, a-t-il insist\u00e9.<\/p>\n<p>En r\u00e9ceptionnant le don, le P\u00e8re Djetti Jacques Kouam\u00e9, secr\u00e9taire g\u00e9n\u00e9ral de la curie dioc\u00e9saine de Yamoussoukro, s\u2019est exprim\u00e9 au nom de Monseigneur Joseph Aka, \u00e9v\u00eaque du dioc\u00e8se. Il a salu\u00e9 ce geste salvateur du ministre-gouverneur. \u00ab C\u2019est une grande joie pour la communaut\u00e9 catholique de recevoir ces dons en cette p\u00e9riode de Car\u00eame. Le Car\u00eame est un temps de p\u00e9nitence, mais aussi un temps de partage. Ce geste du gouverneur est donc \u00e0 saluer et \u00e0 encourager, car il profite non seulement \u00e0 l\u2019\u00c9glise, mais surtout aux plus d\u00e9munis, qui ont besoin de soutien, d\u2019amour et de charit\u00e9. C\u2019est exactement ce que Dieu nous demande en cette p\u00e9riode \u00bb, a-t-il d\u00e9clar\u00e9. Il a promis que les vivres seront distribu\u00e9s aux familles les plus d\u00e9munies, conform\u00e9ment \u00e0 la mission de l\u2019\u00c9glise.<\/p>\n<p>Au total, la valeur des dons offerts par le ministre Augustin Thiam aux deux communaut\u00e9s, musulmane et catholique, s\u2019\u00e9l\u00e8ve \u00e0 50 millions de FCFA, t\u00e9moignant de son engagement constant pour la solidarit\u00e9 interreligieuse et la coh\u00e9sion sociale.<\/p>\n<p><strong>Harry Diallo, depuis Yamoussoukro<\/strong><\/p>\n","protected":false},"excerpt":{"rendered":"<p>Le mercredi 5 mars 2025, le ministre,gouverneur du district autonome de Yamoussoukro, Augustin Thiam, a apport\u00e9 son soutien aux communaut\u00e9s religieuses dans le cadre du Ramadan et du Car\u00eame chr\u00e9tien. Son repr\u00e9sentant, Kouassi Augustin F\u00e9lix, 5e vice-gouverneur du district, a remis un don en vivres \u00e0 la communaut\u00e9 catholique du dioc\u00e8se de Yamoussoukro, lors d\u2019une [&hellip;]<\/p>\n","protected":false},"author":4,"featured_media":37202,"comment_status":"closed","ping_status":"closed","sticky":false,"template":"","format":"standard","meta":{"_monsterinsights_skip_tracking":false,"_monsterinsights_sitenote_active":false,"_monsterinsights_sitenote_note":"","_monsterinsights_sitenote_category":0,"footnotes":""},"categories":[2,3],"tags":[97,4733,4734,606],"class_list":["post-37201","post","type-post","status-publish","format-standard","has-post-thumbnail","hentry","category-featured","category-societe","tag-augustin-thiam","tag-careme-chretien","tag-familles-demunies","tag-ramadan"],"_links":{"self":[{"href":"https:\/\/www.lintelligentdabidjan.info\/news\/wp-json\/wp\/v2\/posts\/37201","targetHints":{"allow":["GET"]}}],"collection":[{"href":"https:\/\/www.lintelligentdabidjan.info\/news\/wp-json\/wp\/v2\/posts"}],"about":[{"href":"https:\/\/www.lintelligentdabidjan.info\/news\/wp-json\/wp\/v2\/types\/post"}],"author":[{"embeddable":true,"href":"https:\/\/www.lintelligentdabidjan.info\/news\/wp-json\/wp\/v2\/users\/4"}],"replies":[{"embeddable":true,"href":"https:\/\/www.lintelligentdabidjan.info\/news\/wp-json\/wp\/v2\/comments?post=37201"}],"version-history":[{"count":1,"href":"https:\/\/www.lintelligentdabidjan.info\/news\/wp-json\/wp\/v2\/posts\/37201\/revisions"}],"predecessor-version":[{"id":37203,"href":"https:\/\/www.lintelligentdabidjan.info\/news\/wp-json\/wp\/v2\/posts\/37201\/revisions\/37203"}],"wp:featuredmedia":[{"embeddable":true,"href":"https:\/\/www.lintelligentdabidjan.info\/news\/wp-json\/wp\/v2\/media\/37202"}],"wp:attachment":[{"href":"https:\/\/www.lintelligentdabidjan.info\/news\/wp-json\/wp\/v2\/media?parent=37201"}],"wp:term":[{"taxonomy":"category","embeddable":true,"href":"https:\/\/www.lintelligentdabidjan.info\/news\/wp-json\/wp\/v2\/categories?post=37201"},{"taxonomy":"post_tag","embeddable":true,"href":"https:\/\/www.lintelligentdabidjan.info\/news\/wp-json\/wp\/v2\/tags?post=37201"}],"curies":[{"name":"wp","href":"https:\/\/api.w.org\/{rel}","templated":true}]}}