{"id":37204,"date":"2025-03-06T04:52:16","date_gmt":"2025-03-06T03:52:16","guid":{"rendered":"https:\/\/www.lintelligentdabidjan.info\/news\/?p=37204"},"modified":"2025-03-06T04:52:16","modified_gmt":"2025-03-06T03:52:16","slug":"gendarmerie-nationale-les-voeux-du-general-apalo-toure-alexandre","status":"publish","type":"post","link":"https:\/\/www.lintelligentdabidjan.info\/news\/gendarmerie-nationale-les-voeux-du-general-apalo-toure-alexandre\/","title":{"rendered":"Gendarmerie Nationale &#8211;  Les v\u0153ux du g\u00e9n\u00e9ral Apalo Tour\u00e9 Alexandre"},"content":{"rendered":"<p><em><strong>Lors de la c\u00e9r\u00e9monie de pr\u00e9sentation de v\u0153ux du nouvel an  au commandant sup\u00e9rieur de la Gendarmerie nationale, le g\u00e9n\u00e9ral de brigade Alexandre Apalo Tour\u00e9, les repr\u00e9sentants des officiers et sous-officiers ont renouvel\u00e9 leur engagement \u00e0 pr\u00e9server la paix et \u00e0 assurer la s\u00e9curit\u00e9 nationale. C\u2019\u00e9tait le mardi 4 mars 2025, en pr\u00e9sence des officiers g\u00e9n\u00e9raux, des commandants d\u2019unit\u00e9s ainsi que des \u00e9pouses de gendarmes.<\/strong><\/em><\/p>\n<p> Au cours de cette c\u00e9r\u00e9monie, le Col-Major Ouattara Tiorna, commandant de la 3\u1d49 r\u00e9gion de Bouak\u00e9 et porte-parole des officiers, a salu\u00e9 les progr\u00e8s r\u00e9alis\u00e9s sous l\u2019autorit\u00e9 du g\u00e9n\u00e9ral de brigade Alexandre Apalo Tour\u00e9. Il a notamment mis en avant le renforcement du maillage territorial, le rapprochement avec les populations et la r\u00e9ussite des op\u00e9rations de s\u00e9curisation durant la Coupe d\u2019Afrique des Nations. \u00ab Continuez d\u2019insuffler le dynamisme et l\u2019esprit de sacrifice qui nous motivent \u00bb, a-t-il d\u00e9clar\u00e9. <\/p>\n<p>Le commandant de la brigade de Jacqueville, Oscar Beugr\u00e9, repr\u00e9sentant les sous-officiers, a exprim\u00e9 la reconnaissance des troupes pour l\u2019am\u00e9lioration des conditions de travail et le d\u00e9veloppement des infrastructures. Il a r\u00e9affirm\u00e9 leur engagement \u00e0 soutenir les initiatives du commandant sup\u00e9rieur.   \u00ab Ensemble, nous continuerons de m\u00e9riter la confiance plac\u00e9e en nous \u00bb, a-t-il affirm\u00e9.   Malgr\u00e9 les d\u00e9fis persistants, notamment en ce qui concerne la protection des ressources naturelles, les gendarmes se disent d\u00e9termin\u00e9s \u00e0 les relever avec vigilance et fermet\u00e9. \u00c0 l\u2019approche des \u00e9ch\u00e9ances \u00e9lectorales, ils ont \u00e9galement plaid\u00e9 pour l\u2019acquisition de nouveaux \u00e9quipements de protection, t\u00e9moignant ainsi de leur volont\u00e9 de renforcer la s\u00e9curit\u00e9 nationale. <\/p>\n<p>Profitant de cette c\u00e9r\u00e9monie, le commandant sup\u00e9rieur de la Gendarmerie nationale a rendu hommage \u00e0 20 couples r\u00e9cemment unis lors des mariages collectifs organis\u00e9s par l\u2019institution. Par ailleurs, la Division-sant\u00e9 de la Gendarmerie nationale a distribu\u00e9 \u2018\u2019Le compagnon du gendarme\u2019\u2019, un document d\u2019information d\u00e9di\u00e9 aux questions de sant\u00e9.<\/p>\n<p><strong>Moustapha Isma\u00efla<\/strong><\/p>\n","protected":false},"excerpt":{"rendered":"<p>Lors de la c\u00e9r\u00e9monie de pr\u00e9sentation de v\u0153ux du nouvel an au commandant sup\u00e9rieur de la Gendarmerie nationale, le g\u00e9n\u00e9ral de brigade Alexandre Apalo Tour\u00e9, les repr\u00e9sentants des officiers et sous-officiers ont renouvel\u00e9 leur engagement \u00e0 pr\u00e9server la paix et \u00e0 assurer la s\u00e9curit\u00e9 nationale. C\u2019\u00e9tait le mardi 4 mars 2025, en pr\u00e9sence des officiers [&hellip;]<\/p>\n","protected":false},"author":4,"featured_media":37205,"comment_status":"closed","ping_status":"closed","sticky":false,"template":"","format":"standard","meta":{"_monsterinsights_skip_tracking":false,"_monsterinsights_sitenote_active":false,"_monsterinsights_sitenote_note":"","_monsterinsights_sitenote_category":0,"footnotes":""},"categories":[2,3],"tags":[2897,4735,4509],"class_list":["post-37204","post","type-post","status-publish","format-standard","has-post-thumbnail","hentry","category-featured","category-societe","tag-gendarmerie-nationale","tag-general-apalo-toure-alexandre","tag-voeux"],"_links":{"self":[{"href":"https:\/\/www.lintelligentdabidjan.info\/news\/wp-json\/wp\/v2\/posts\/37204","targetHints":{"allow":["GET"]}}],"collection":[{"href":"https:\/\/www.lintelligentdabidjan.info\/news\/wp-json\/wp\/v2\/posts"}],"about":[{"href":"https:\/\/www.lintelligentdabidjan.info\/news\/wp-json\/wp\/v2\/types\/post"}],"author":[{"embeddable":true,"href":"https:\/\/www.lintelligentdabidjan.info\/news\/wp-json\/wp\/v2\/users\/4"}],"replies":[{"embeddable":true,"href":"https:\/\/www.lintelligentdabidjan.info\/news\/wp-json\/wp\/v2\/comments?post=37204"}],"version-history":[{"count":1,"href":"https:\/\/www.lintelligentdabidjan.info\/news\/wp-json\/wp\/v2\/posts\/37204\/revisions"}],"predecessor-version":[{"id":37206,"href":"https:\/\/www.lintelligentdabidjan.info\/news\/wp-json\/wp\/v2\/posts\/37204\/revisions\/37206"}],"wp:featuredmedia":[{"embeddable":true,"href":"https:\/\/www.lintelligentdabidjan.info\/news\/wp-json\/wp\/v2\/media\/37205"}],"wp:attachment":[{"href":"https:\/\/www.lintelligentdabidjan.info\/news\/wp-json\/wp\/v2\/media?parent=37204"}],"wp:term":[{"taxonomy":"category","embeddable":true,"href":"https:\/\/www.lintelligentdabidjan.info\/news\/wp-json\/wp\/v2\/categories?post=37204"},{"taxonomy":"post_tag","embeddable":true,"href":"https:\/\/www.lintelligentdabidjan.info\/news\/wp-json\/wp\/v2\/tags?post=37204"}],"curies":[{"name":"wp","href":"https:\/\/api.w.org\/{rel}","templated":true}]}}