{"id":37210,"date":"2025-03-06T04:57:30","date_gmt":"2025-03-06T03:57:30","guid":{"rendered":"https:\/\/www.lintelligentdabidjan.info\/news\/?p=37210"},"modified":"2025-03-06T04:57:30","modified_gmt":"2025-03-06T03:57:30","slug":"lintelligent-en-pdf-gouvernance-ouattara-le-bilan-inattaquable-decode","status":"publish","type":"post","link":"https:\/\/www.lintelligentdabidjan.info\/news\/lintelligent-en-pdf-gouvernance-ouattara-le-bilan-inattaquable-decode\/","title":{"rendered":"L&#8217;Intelligent en PDF:   Gouvernance Ouattara   Le bilan inattaquable d\u00e9cod\u00e9"},"content":{"rendered":"<p><strong>Plusieurs acteurs politiques et observateurs de la sc\u00e8ne politique ivoirienne ont \u00e9voqu\u00e9, \u00e0 travers des t\u00e9moignages et des paroles fortes, l&#8217;\u00e9volution de la C\u00f4te d&#8217;Ivoire sous le prisme de la gouvernance du Pr\u00e9sident Alassane Ouattara. C&#8217;\u00e9tait le mercredi 5 mars 2025 \u00e0 Abidjan-Cocody, lors d&#8217;un panel de haut niveau autour du th\u00e8me : &#8220;Gouvernance Alassane Ouattara pour la C\u00f4te d&#8217;Ivoire : regards sur un succ\u00e8s&#8221;. Quels ont \u00e9t\u00e9 les messages livr\u00e9s au cours de cette c\u00e9r\u00e9monie? <\/strong><\/p>\n<p>Article \u00e0 d\u00e9couvrir en ligne sur&#8230;<\/p>\n<p><a href=\"https:\/\/news.abidjan.net\/titrologie\/39-lintelligent-dabidjan\/articles\" target=\"_blank\">https:\/\/news.abidjan.net\/titrologie\/39-lintelligent-dabidjan\/articles<\/a><\/p>\n<p>\u00c0 lire \u00e9galement Ouattara et Mahama Dramani pour un retour du Burkina Faso, Mali, Niger dans la CEDEAO, Grand t\u00e9moignage avec Ouloto sur le leadership de Ouattara, Adj\u00e9 Metch fait des pr\u00e9cisions sur la CAN U20 \u00e0 Yamoussoukro, Bouak\u00e9 et Korhogo, D\u00e9cryptage de l&#8217;allocution de Macron sur l&#8217;Ukraine, la Russie et l&#8217;Europe, Mathieu Babaud Darret solidaire des musulmans et chr\u00e9tiens, \u00c9change de la HABG avec des auditeurs de l&#8217;Institut de Formation politique Amadou Gon Coulibaly.<\/p>\n<p>Cliquez pour les d\u00e9tails<\/p>\n<p><a href=\"https:\/\/www.afrikipresse.fr\/abonnement\" target=\"_blank\">https:\/\/www.afrikipresse.fr\/abonnement<\/a><\/p>\n<p>\u00c0 voir aussi questions \u00e0 Thierry Sinda sur les Po\u00e8tes des Afriques et d\u2019Ailleurs et Rose Koffi Nevry parle du Salon \u2018\u2019 Se dire oui\u2019\u2019.<\/p>\n<p><a href=\"https:\/\/www.pressecotedivoire.ci\/titrologie\" target=\"_blank\">https:\/\/www.pressecotedivoire.ci\/titrologie<\/a><\/p>\n","protected":false},"excerpt":{"rendered":"<p>Plusieurs acteurs politiques et observateurs de la sc\u00e8ne politique ivoirienne ont \u00e9voqu\u00e9, \u00e0 travers des t\u00e9moignages et des paroles fortes, l&#8217;\u00e9volution de la C\u00f4te d&#8217;Ivoire sous le prisme de la gouvernance du Pr\u00e9sident Alassane Ouattara. C&#8217;\u00e9tait le mercredi 5 mars 2025 \u00e0 Abidjan-Cocody, lors d&#8217;un panel de haut niveau autour du th\u00e8me : &#8220;Gouvernance Alassane [&hellip;]<\/p>\n","protected":false},"author":4,"featured_media":37211,"comment_status":"closed","ping_status":"closed","sticky":false,"template":"","format":"standard","meta":{"_monsterinsights_skip_tracking":false,"_monsterinsights_sitenote_active":false,"_monsterinsights_sitenote_note":"","_monsterinsights_sitenote_category":0,"footnotes":""},"categories":[2,3],"tags":[],"class_list":["post-37210","post","type-post","status-publish","format-standard","has-post-thumbnail","hentry","category-featured","category-societe"],"_links":{"self":[{"href":"https:\/\/www.lintelligentdabidjan.info\/news\/wp-json\/wp\/v2\/posts\/37210","targetHints":{"allow":["GET"]}}],"collection":[{"href":"https:\/\/www.lintelligentdabidjan.info\/news\/wp-json\/wp\/v2\/posts"}],"about":[{"href":"https:\/\/www.lintelligentdabidjan.info\/news\/wp-json\/wp\/v2\/types\/post"}],"author":[{"embeddable":true,"href":"https:\/\/www.lintelligentdabidjan.info\/news\/wp-json\/wp\/v2\/users\/4"}],"replies":[{"embeddable":true,"href":"https:\/\/www.lintelligentdabidjan.info\/news\/wp-json\/wp\/v2\/comments?post=37210"}],"version-history":[{"count":1,"href":"https:\/\/www.lintelligentdabidjan.info\/news\/wp-json\/wp\/v2\/posts\/37210\/revisions"}],"predecessor-version":[{"id":37212,"href":"https:\/\/www.lintelligentdabidjan.info\/news\/wp-json\/wp\/v2\/posts\/37210\/revisions\/37212"}],"wp:featuredmedia":[{"embeddable":true,"href":"https:\/\/www.lintelligentdabidjan.info\/news\/wp-json\/wp\/v2\/media\/37211"}],"wp:attachment":[{"href":"https:\/\/www.lintelligentdabidjan.info\/news\/wp-json\/wp\/v2\/media?parent=37210"}],"wp:term":[{"taxonomy":"category","embeddable":true,"href":"https:\/\/www.lintelligentdabidjan.info\/news\/wp-json\/wp\/v2\/categories?post=37210"},{"taxonomy":"post_tag","embeddable":true,"href":"https:\/\/www.lintelligentdabidjan.info\/news\/wp-json\/wp\/v2\/tags?post=37210"}],"curies":[{"name":"wp","href":"https:\/\/api.w.org\/{rel}","templated":true}]}}