{"id":37220,"date":"2025-03-07T05:25:00","date_gmt":"2025-03-07T04:25:00","guid":{"rendered":"https:\/\/www.lintelligentdabidjan.info\/news\/?p=37220"},"modified":"2025-03-07T05:25:57","modified_gmt":"2025-03-07T04:25:57","slug":"daloa-le-complexe-socio-educatif-ravage-par-un-incendie-la-directrice-lance-un-appel","status":"publish","type":"post","link":"https:\/\/www.lintelligentdabidjan.info\/news\/daloa-le-complexe-socio-educatif-ravage-par-un-incendie-la-directrice-lance-un-appel\/","title":{"rendered":"Daloa : Le complexe socio-\u00e9ducatif ravag\u00e9 par un incendie, la directrice lance un appel"},"content":{"rendered":"<p><em><strong>Dans la nuit du samedi 1er mars 2025, un violent incendie a ravag\u00e9 le Complexe socio-\u00e9ducatif de Daloa, un \u00e9tablissement essentiel pour les populations vuln\u00e9rables de la r\u00e9gion.<\/strong><\/em><\/p>\n<p>Ce centre, qui offrait un refuge et un accompagnement aux enfants en difficult\u00e9, aux familles pr\u00e9caires et aux victimes de violences, est aujourd\u2019hui compl\u00e8tement d\u00e9truit.<\/p>\n<p>Face \u00e0 cette catastrophe, la directrice du centre, Madame Sossa Genevi\u00e8ve, a lanc\u00e9 un appel \u00e0 l&#8217;\u00c9tat, aux collectivit\u00e9s locales et aux partenaires sociaux le mardi 4 mars 2025 au sein du Complexe .<\/p>\n<p>\u00ab Nous devons continuer notre mission d\u2019accompagnement des plus d\u00e9munis. Chaque jour, nous recevons des victimes de violences, des familles en d\u00e9tresse, des personnes en qu\u00eate de soutien alimentaire ou m\u00e9dical. Mais aujourd\u2019hui, nous n\u2019avons plus rien pour les aider. \u00bb<\/p>\n<p>Elle a  exhort\u00e9  le minist\u00e8re de la Femme, de la Famille et de l\u2019Enfant, le conseil r\u00e9gional et la mairie de Daloa \u00e0 intervenir sans d\u00e9lai pour la reconstruction des infrastructures d\u00e9truites.<\/p>\n<p>\u00ab Ce b\u00e2timent, construit en 1967, \u00e9tait d\u00e9j\u00e0 en mauvais \u00e9tat. Aujourd\u2019hui, il a totalement disparu. Nous avons un besoin urgent de r\u00e9habilitation, voire d\u2019une reconstruction compl\u00e8te, pour poursuivre notre mission aupr\u00e8s des populations vuln\u00e9rables. \u00bb<\/p>\n<p>L\u2019incendie a caus\u00e9 des d\u00e9g\u00e2ts consid\u00e9rables : le centre social, la grande cr\u00e8che et la salle de di\u00e9t\u00e9tique, o\u00f9 \u00e9taient organis\u00e9es des s\u00e9ances de nutrition pour les nourrissons et jeunes enfants, ont \u00e9t\u00e9 r\u00e9duits en cendres.<\/p>\n<p>\u00ab Nous avons tout perdu : mat\u00e9riel informatique, \u00e9quipements m\u00e9dicaux, mobilier, effets personnels des collaborateurs. M\u00eame la moto gar\u00e9e sur place a br\u00fbl\u00e9, et le r\u00e9frig\u00e9rateur servant \u00e0 conserver les vaccins est hors d\u2019usage. Nous sommes au milieu des d\u00e9combres, sans rien. \u00bb d\u00e9plore la directrice.<\/p>\n<p>Malgr\u00e9 le drame, les demandes d\u2019aide continuent d\u2019affluer. Chaque jour, des familles en d\u00e9tresse, des enfants en situation de pr\u00e9carit\u00e9 et des victimes de violences se pr\u00e9sentent au centre pour trouver assistance et r\u00e9confort.<\/p>\n<p>\u00ab Ce matin encore, nous avons accueilli des victimes de viols, des familles sans ressources et des personnes cherchant un soutien m\u00e9dical. Mais nous n\u2019avons plus les moyens de leur venir en aide. Nous lan\u00e7ons un appel \u00e0 toutes les autorit\u00e9s et aux personnes de bonne volont\u00e9 : aidez-nous \u00e0 reconstruire ce centre, pour que nous puissions continuer notre mission. \u00bb insiste la directrice.<\/p>\n<p>Le Complexe socio-\u00e9ducatif de Daloa regroupait trois structures essentielles : un centre de protection de la petite enfance, un centre social d\u00e9di\u00e9 aux populations vuln\u00e9rables et un centre d\u2019\u00e9ducation sp\u00e9cialis\u00e9 pour les enfants en situation de handicap.<\/p>\n<p>Aujourd\u2019hui, ces infrastructures n\u2019existent plus, laissant des centaines de b\u00e9n\u00e9ficiaires sans ressources.<\/p>\n<p><strong>Beker Yao <\/strong><\/p>\n","protected":false},"excerpt":{"rendered":"<p>Dans la nuit du samedi 1er mars 2025, un violent incendie a ravag\u00e9 le Complexe socio-\u00e9ducatif de Daloa, un \u00e9tablissement essentiel pour les populations vuln\u00e9rables de la r\u00e9gion. Ce centre, qui offrait un refuge et un accompagnement aux enfants en difficult\u00e9, aux familles pr\u00e9caires et aux victimes de violences, est aujourd\u2019hui compl\u00e8tement d\u00e9truit. Face \u00e0 [&hellip;]<\/p>\n","protected":false},"author":4,"featured_media":37221,"comment_status":"closed","ping_status":"closed","sticky":false,"template":"","format":"standard","meta":{"_monsterinsights_skip_tracking":false,"_monsterinsights_sitenote_active":false,"_monsterinsights_sitenote_note":"","_monsterinsights_sitenote_category":0,"footnotes":""},"categories":[2,3],"tags":[3671,4737,105,1971,4738],"class_list":["post-37220","post","type-post","status-publish","format-standard","has-post-thumbnail","hentry","category-featured","category-societe","tag-appel","tag-complexe-socio-educatif","tag-daloa","tag-incendie","tag-la-directrice"],"_links":{"self":[{"href":"https:\/\/www.lintelligentdabidjan.info\/news\/wp-json\/wp\/v2\/posts\/37220","targetHints":{"allow":["GET"]}}],"collection":[{"href":"https:\/\/www.lintelligentdabidjan.info\/news\/wp-json\/wp\/v2\/posts"}],"about":[{"href":"https:\/\/www.lintelligentdabidjan.info\/news\/wp-json\/wp\/v2\/types\/post"}],"author":[{"embeddable":true,"href":"https:\/\/www.lintelligentdabidjan.info\/news\/wp-json\/wp\/v2\/users\/4"}],"replies":[{"embeddable":true,"href":"https:\/\/www.lintelligentdabidjan.info\/news\/wp-json\/wp\/v2\/comments?post=37220"}],"version-history":[{"count":1,"href":"https:\/\/www.lintelligentdabidjan.info\/news\/wp-json\/wp\/v2\/posts\/37220\/revisions"}],"predecessor-version":[{"id":37222,"href":"https:\/\/www.lintelligentdabidjan.info\/news\/wp-json\/wp\/v2\/posts\/37220\/revisions\/37222"}],"wp:featuredmedia":[{"embeddable":true,"href":"https:\/\/www.lintelligentdabidjan.info\/news\/wp-json\/wp\/v2\/media\/37221"}],"wp:attachment":[{"href":"https:\/\/www.lintelligentdabidjan.info\/news\/wp-json\/wp\/v2\/media?parent=37220"}],"wp:term":[{"taxonomy":"category","embeddable":true,"href":"https:\/\/www.lintelligentdabidjan.info\/news\/wp-json\/wp\/v2\/categories?post=37220"},{"taxonomy":"post_tag","embeddable":true,"href":"https:\/\/www.lintelligentdabidjan.info\/news\/wp-json\/wp\/v2\/tags?post=37220"}],"curies":[{"name":"wp","href":"https:\/\/api.w.org\/{rel}","templated":true}]}}