{"id":37223,"date":"2025-03-07T05:28:29","date_gmt":"2025-03-07T04:28:29","guid":{"rendered":"https:\/\/www.lintelligentdabidjan.info\/news\/?p=37223"},"modified":"2025-03-07T05:28:36","modified_gmt":"2025-03-07T04:28:36","slug":"district-de-la-vallee-du-bandama-le-senat-evalue-leffectivite-du-transfert-des-competences-aux-collectivites","status":"publish","type":"post","link":"https:\/\/www.lintelligentdabidjan.info\/news\/district-de-la-vallee-du-bandama-le-senat-evalue-leffectivite-du-transfert-des-competences-aux-collectivites\/","title":{"rendered":"District de la Vall\u00e9e du Bandama : Le S\u00e9nat \u00e9value   l\u2019effectivit\u00e9 du transfert des comp\u00e9tences aux collectivit\u00e9s"},"content":{"rendered":"<p><em><strong>Des S\u00e9nateurs sont dans le District de la Vall\u00e9e du Bandama pour \u00e9valuer l\u2019effectivit\u00e9 du transfert des comp\u00e9tences aux collectivit\u00e9s<\/strong><\/em><\/p>\n<p>Depuis le 03 mars 2025, les S\u00e9nateurs de la Commission d\u2019\u00c9valuation des Politiques Publiques (CEPP) sillonnent les 14 districts autonomes de C\u00f4te d&#8217;Ivoire. L&#8217;objectif est d\u2019appr\u00e9hender concr\u00e8tement la r\u00e9alit\u00e9 du transfert des comp\u00e9tences de l\u2019\u00c9tat aux collectivit\u00e9s territoriales.  Dans le District autonome de la Vall\u00e9e du Bandama, le S\u00e9nateur Djibo Youssouf Nicolas s\u2019est rendu au Conseil r\u00e9gional du Gb\u00eak\u00ea \u00e0 Bouak\u00e9 ainsi que dans les mairies de Dabakala et de Diabo o\u00f9 il a eu des s\u00e9ances de travail avec les responsables administratifs et techniques. \u00c9galement charg\u00e9 du District autonome de Yamoussoukro, il s\u2019est entretenu avec les autorit\u00e9s administratives du district ainsi qu\u2019avec les responsables municipaux de la mairie d\u2019Atti\u00e9gouakro. Le S\u00e9nateur Kouacou Gnrangb\u00e9 Kouadio Jean a conduit une \u00e9quipe d\u2019enqu\u00eate dans le District autonome des Lacs, notamment au Conseil r\u00e9gional du B\u00e9lier \u00e0 Toumodi ainsi que dans les mairies de Didi\u00e9vi et de Kocumbo. \u00c0 travers des s\u00e9ances de travail, il s&#8217;est entretenu avec plusieurs autorit\u00e9s r\u00e9gionales et municipales. Dans le District autonome de la Como\u00e9, la S\u00e9natrice Richmond-Ahoua Eba Marie Ir\u00e8ne et son \u00e9quipe ont eu des s\u00e9ances de travail au Conseil r\u00e9gional de l\u2019Ind\u00e9ni\u00e9-Djuablin \u00e0 Abengourou, avec le Pr\u00e9sident du Conseil r\u00e9gional, puis avec le Directeur G\u00e9n\u00e9ral de l\u2019Administration et les Directeurs Techniques. Elle s\u2019est ensuite rendue dans les mairies de Bongouanou et d\u2019Aboisso.<br \/>\nDans chaque localit\u00e9 ou entit\u00e9 visit\u00e9e, les missions d\u2019\u00e9valuation ont permis d\u2019\u00e9changer avec les autorit\u00e9s locales, d\u2019adresser un questionnaire aux acteurs cl\u00e9s afin de recueillir leurs avis sur la loi n\u00b0 2003-208 du 7 juillet 2003 portant transfert et r\u00e9partition des comp\u00e9tences de l\u2019\u00c9tat aux collectivit\u00e9s territoriales, d\u2019identifier les blocages au transfert effectif des comp\u00e9tences et de recueillir des propositions pour une application int\u00e9grale de ladite loi. \u00c0 l\u2019issue de cette mission de terrain, le rapport de l\u2019enqu\u00eate, accompagn\u00e9 de recommandations, sera transmis au Bureau du S\u00e9nat pour validation en s\u00e9ance pl\u00e9ni\u00e8re. Une fois approuv\u00e9, il sera officiellement communiqu\u00e9 au Secr\u00e9tariat g\u00e9n\u00e9ral du gouvernement.<\/p>\n<p><strong>Jean-Hubert Koffo<\/strong><\/p>\n","protected":false},"excerpt":{"rendered":"<p>Des S\u00e9nateurs sont dans le District de la Vall\u00e9e du Bandama pour \u00e9valuer l\u2019effectivit\u00e9 du transfert des comp\u00e9tences aux collectivit\u00e9s Depuis le 03 mars 2025, les S\u00e9nateurs de la Commission d\u2019\u00c9valuation des Politiques Publiques (CEPP) sillonnent les 14 districts autonomes de C\u00f4te d&#8217;Ivoire. L&#8217;objectif est d\u2019appr\u00e9hender concr\u00e8tement la r\u00e9alit\u00e9 du transfert des comp\u00e9tences de l\u2019\u00c9tat [&hellip;]<\/p>\n","protected":false},"author":4,"featured_media":37224,"comment_status":"closed","ping_status":"closed","sticky":false,"template":"","format":"standard","meta":{"_monsterinsights_skip_tracking":false,"_monsterinsights_sitenote_active":false,"_monsterinsights_sitenote_note":"","_monsterinsights_sitenote_category":0,"footnotes":""},"categories":[2,17],"tags":[],"class_list":["post-37223","post","type-post","status-publish","format-standard","has-post-thumbnail","hentry","category-featured","category-politique"],"_links":{"self":[{"href":"https:\/\/www.lintelligentdabidjan.info\/news\/wp-json\/wp\/v2\/posts\/37223","targetHints":{"allow":["GET"]}}],"collection":[{"href":"https:\/\/www.lintelligentdabidjan.info\/news\/wp-json\/wp\/v2\/posts"}],"about":[{"href":"https:\/\/www.lintelligentdabidjan.info\/news\/wp-json\/wp\/v2\/types\/post"}],"author":[{"embeddable":true,"href":"https:\/\/www.lintelligentdabidjan.info\/news\/wp-json\/wp\/v2\/users\/4"}],"replies":[{"embeddable":true,"href":"https:\/\/www.lintelligentdabidjan.info\/news\/wp-json\/wp\/v2\/comments?post=37223"}],"version-history":[{"count":1,"href":"https:\/\/www.lintelligentdabidjan.info\/news\/wp-json\/wp\/v2\/posts\/37223\/revisions"}],"predecessor-version":[{"id":37225,"href":"https:\/\/www.lintelligentdabidjan.info\/news\/wp-json\/wp\/v2\/posts\/37223\/revisions\/37225"}],"wp:featuredmedia":[{"embeddable":true,"href":"https:\/\/www.lintelligentdabidjan.info\/news\/wp-json\/wp\/v2\/media\/37224"}],"wp:attachment":[{"href":"https:\/\/www.lintelligentdabidjan.info\/news\/wp-json\/wp\/v2\/media?parent=37223"}],"wp:term":[{"taxonomy":"category","embeddable":true,"href":"https:\/\/www.lintelligentdabidjan.info\/news\/wp-json\/wp\/v2\/categories?post=37223"},{"taxonomy":"post_tag","embeddable":true,"href":"https:\/\/www.lintelligentdabidjan.info\/news\/wp-json\/wp\/v2\/tags?post=37223"}],"curies":[{"name":"wp","href":"https:\/\/api.w.org\/{rel}","templated":true}]}}