{"id":37230,"date":"2025-03-09T01:19:41","date_gmt":"2025-03-09T00:19:41","guid":{"rendered":"https:\/\/www.lintelligentdabidjan.info\/news\/?p=37230"},"modified":"2025-03-09T01:19:49","modified_gmt":"2025-03-09T00:19:49","slug":"sahel-linsupportable-impunite-des-exactions-commises-envers-les-femmes","status":"publish","type":"post","link":"https:\/\/www.lintelligentdabidjan.info\/news\/sahel-linsupportable-impunite-des-exactions-commises-envers-les-femmes\/","title":{"rendered":"Sahel : l\u2019insupportable impunit\u00e9 des exactions commises envers les femmes"},"content":{"rendered":"<p><em><strong>Ce 8 mars est l\u2019occasion de rappeler qu\u2019au Sahel, de nombreuses femmes subissent viols, ex\u00e9cutions et humiliations. Ces exactions sont commises en toute impunit\u00e9, notamment par le groupe Wagner.<\/strong><\/em><\/p>\n<p>Le 17 f\u00e9vrier 2025, pr\u00e8s de Douentza au Mali, une jeune femme et ses deux enfants ont \u00e9t\u00e9 pendus \u00e0 un arbre. Les mercenaires du groupe Wagner \u2013 aujourd\u2019hui Africa Corps \u2013 sont accus\u00e9s d\u2019avoir commis ce crime odieux. La r\u00e9gion du Sahel traverse une crise humanitaire et s\u00e9curitaire sans pr\u00e9c\u00e9dent, marqu\u00e9e par une escalade de violences \u00e0 l\u2019encontre des populations civiles, particuli\u00e8rement les femmes. Selon un rapport de ONU Femmes publi\u00e9 en novembre 2024, la proportion de femmes tu\u00e9es dans les conflits arm\u00e9s a doubl\u00e9 en 2023 par rapport \u00e0 2022. Au Sahel, les femmes subissent des violences graves et syst\u00e9matiques.<\/p>\n<p>Au c\u0153ur de cette trag\u00e9die, Wagner se livre \u00e0 des exactions syst\u00e9matiques \u2014 massacres, viols, destructions d\u2019infrastructures vitales \u2014 dans un climat d\u2019impunit\u00e9 quasi absolue. Ces crimes se produisent dans l\u2019ensemble des pays o\u00f9 les mercenaires russes sont d\u00e9ploy\u00e9s par le Kremlin : Mali, Burkina Faso, Niger, R\u00e9publique centrafricaine et Libye. Une source s\u00e9curitaire malienne parle alors de \u00ab m\u00e9thode Wagner \u00bb.<\/p>\n<p><strong>La m\u00e9thode Wagner : cas pratique au Mali<\/strong><\/p>\n<p>La m\u00e9thode Wagner s\u2019est r\u00e9pandue au Sahel. Au Mali, cette r\u00e9alit\u00e9 s\u2019incarne dans des villages comme Moura ou Nia Ouro, o\u00f9 l\u2019arm\u00e9e nationale et ses alli\u00e9s de Wagner ont syst\u00e9matis\u00e9 violences sexuelles et ex\u00e9cutions extrajudiciaires. Selon ACLED, entre janvier 2022 et juin 2023, 957 civils ont \u00e9t\u00e9 tu\u00e9s par l&#8217;arm\u00e9e malienne et le groupe Wagner. Selon un rapport de Human Rights Watch publi\u00e9 en janvier 2025, plus de 500 civils ont \u00e9t\u00e9 ex\u00e9cut\u00e9s sommairement lors d&#8217;op\u00e9rations militaires impliquant Wagner et l&#8217;arm\u00e9e malienne. Il faut ajouter \u00e0 ces rapports la dizaine de civils ex\u00e9cut\u00e9s le 21 et 22 janvier 2025. Ces chiffres illustrent l&#8217;augmentation des violences et de l&#8217;ins\u00e9curit\u00e9 dans la r\u00e9gion.  Une habitante de la r\u00e9gion de Gao a d\u00e9clar\u00e9 : \u00ab nous vivons dans la peur constante. Les hommes arm\u00e9s viennent la nuit, ils prennent nos maris, nos fils, et nous ne les revoyons jamais. \u00bb.<\/p>\n<p>La Russie a oppos\u00e9 son veto \u00e0 une r\u00e9solution de l&#8217;Organisation des Nations unies (ONU) visant \u00e0 prolonger l&#8217;examen des exactions commises par les groupes arm\u00e9s et les forces de s\u00e9curit\u00e9 maliennes, freinant ainsi les efforts pour tenir les auteurs responsables. Ce soutien politique renforce l&#8217;impunit\u00e9 dont b\u00e9n\u00e9ficient les mercenaires de Wagner. \u00ab Les soldats maliens savent qu\u2019ils ne seront pas inqui\u00e9t\u00e9s \u00bb, analyse un diplomate ouest-africain sous couvert d\u2019anonymat. Les exactions commises par Wagner contribuent \u00e0 l&#8217;instabilit\u00e9 de la r\u00e9gion. L&#8217;ins\u00e9curit\u00e9 persiste malgr\u00e9 la pr\u00e9sence de ces mercenaires, et les attaques ont explos\u00e9. Les populations civiles, d\u00e9j\u00e0 vuln\u00e9rables, subissent les cons\u00e9quences de ces violences, qui sapent la l\u00e9gitimit\u00e9 des forces anti-terroristes. Le groupe Wagner repr\u00e9sente une menace majeure pour les civils du Sahel. L&#8217;impunit\u00e9 dont il b\u00e9n\u00e9ficie est renforc\u00e9e par le soutien politique russe.<\/p>\n<p><strong>Constantine<\/strong><\/p>\n","protected":false},"excerpt":{"rendered":"<p>Ce 8 mars est l\u2019occasion de rappeler qu\u2019au Sahel, de nombreuses femmes subissent viols, ex\u00e9cutions et humiliations. Ces exactions sont commises en toute impunit\u00e9, notamment par le groupe Wagner. Le 17 f\u00e9vrier 2025, pr\u00e8s de Douentza au Mali, une jeune femme et ses deux enfants ont \u00e9t\u00e9 pendus \u00e0 un arbre. Les mercenaires du groupe [&hellip;]<\/p>\n","protected":false},"author":4,"featured_media":37231,"comment_status":"closed","ping_status":"closed","sticky":false,"template":"","format":"standard","meta":{"_monsterinsights_skip_tracking":false,"_monsterinsights_sitenote_active":false,"_monsterinsights_sitenote_note":"","_monsterinsights_sitenote_category":0,"footnotes":""},"categories":[2,21,3],"tags":[],"class_list":["post-37230","post","type-post","status-publish","format-standard","has-post-thumbnail","hentry","category-featured","category-international","category-societe"],"_links":{"self":[{"href":"https:\/\/www.lintelligentdabidjan.info\/news\/wp-json\/wp\/v2\/posts\/37230","targetHints":{"allow":["GET"]}}],"collection":[{"href":"https:\/\/www.lintelligentdabidjan.info\/news\/wp-json\/wp\/v2\/posts"}],"about":[{"href":"https:\/\/www.lintelligentdabidjan.info\/news\/wp-json\/wp\/v2\/types\/post"}],"author":[{"embeddable":true,"href":"https:\/\/www.lintelligentdabidjan.info\/news\/wp-json\/wp\/v2\/users\/4"}],"replies":[{"embeddable":true,"href":"https:\/\/www.lintelligentdabidjan.info\/news\/wp-json\/wp\/v2\/comments?post=37230"}],"version-history":[{"count":1,"href":"https:\/\/www.lintelligentdabidjan.info\/news\/wp-json\/wp\/v2\/posts\/37230\/revisions"}],"predecessor-version":[{"id":37232,"href":"https:\/\/www.lintelligentdabidjan.info\/news\/wp-json\/wp\/v2\/posts\/37230\/revisions\/37232"}],"wp:featuredmedia":[{"embeddable":true,"href":"https:\/\/www.lintelligentdabidjan.info\/news\/wp-json\/wp\/v2\/media\/37231"}],"wp:attachment":[{"href":"https:\/\/www.lintelligentdabidjan.info\/news\/wp-json\/wp\/v2\/media?parent=37230"}],"wp:term":[{"taxonomy":"category","embeddable":true,"href":"https:\/\/www.lintelligentdabidjan.info\/news\/wp-json\/wp\/v2\/categories?post=37230"},{"taxonomy":"post_tag","embeddable":true,"href":"https:\/\/www.lintelligentdabidjan.info\/news\/wp-json\/wp\/v2\/tags?post=37230"}],"curies":[{"name":"wp","href":"https:\/\/api.w.org\/{rel}","templated":true}]}}