{"id":37249,"date":"2025-03-11T04:52:58","date_gmt":"2025-03-11T03:52:58","guid":{"rendered":"https:\/\/www.lintelligentdabidjan.info\/news\/?p=37249"},"modified":"2025-03-11T04:53:02","modified_gmt":"2025-03-11T03:53:02","slug":"wacs-2025-aiesec-en-cote-divoire-rafle-13-trophees","status":"publish","type":"post","link":"https:\/\/www.lintelligentdabidjan.info\/news\/wacs-2025-aiesec-en-cote-divoire-rafle-13-trophees\/","title":{"rendered":"Wacs 2025-  Aiesec en C\u00f4te d\u2019Ivoire rafle 13 troph\u00e9es"},"content":{"rendered":"<p><em><strong>L\u2019\u00e9dition 2025 du West Africa Connecting Summit (Wacs) s&#8217;est d\u00e9roul\u00e9e du vendredi 28 f\u00e9vrier au mardi 04 mars 2025 au B\u00e9nin.<\/strong><\/em><\/p>\n<p>L\u2019Organisation Internationale des Jeunes Leaders ( Aiesec) en C\u00f4te d&#8217;Ivoire a inscrit son nom en lettres d\u2019or dans l\u2019histoire du West Africa Connecting Summit (Wacs) en raflant 13 distinctions sur 22 en comp\u00e9tition. Cet exploit remarquable souligne la position de leader de l\u2019organisation en Afrique de l\u2019Ouest. Parmi les distinctions d\u00e9cern\u00e9es, le prix de la meilleure organisation de leadership de la jeunesse en Afrique de l\u2019Ouest s&#8217;est d\u00e9marqu\u00e9 comme la plus prestigieuse. Ce prix t\u00e9moigne de la d\u00e9termination, de la r\u00e9silience et de l&#8217;innovation dont ont fait preuve les membres d&#8217;Aiesec C\u00f4te d&#8217;Ivoire tout au long de l&#8217;ann\u00e9e. \u00ab Remporter 13 awards sur 22 est une prouesse qui souligne la rigueur strat\u00e9gique de l\u2019entit\u00e9 ivoirienne. Ce succ\u00e8s s\u2019explique par la vision forte port\u00e9e par ses leaders, une structuration efficace et une mobilisation sans faille des membres. Il s\u2019agit d\u2019une source d\u2019inspiration non seulement pour les Aiesecers, mais aussi pour toute la jeunesse ivoirienne d\u00e9sireuse de s\u2019impliquer dans des initiatives porteuses de changement \u00bb, a d\u00e9clar\u00e9 Oholiab Kouadio, pr\u00e9sident d\u2019Aiesec en C\u00f4te d&#8217;Ivoire. <\/p>\n<p>Il a  pr\u00e9cis\u00e9 que ce succ\u00e8s au Wacs marque une \u00e9tape cl\u00e9, mais que l\u2019ambition de l\u2019organisation va bien au-del\u00e0. L&#8217;objectif est d&#8217;impacter encore plus de jeunes, de renforcer les collaborations et d&#8217;\u00e9lever encore davantage le drapeau ivoirien dans les comp\u00e9titions futures.<\/p>\n<p><strong>Une ouverture vers le monde<\/strong><\/p>\n<p>Avec ces reconnaissances internationales, cette organisation entend continuer sur sa lanc\u00e9e tout en s&#8217;ouvrant vers le monde culturel, touristique et du leadership. \u00ab En avril, nous repr\u00e9senterons la C\u00f4te d\u2019Ivoire en Tunisie, et en juillet, nous serons au Sri Lanka pour porter haut les couleurs de notre pays. Au-del\u00e0 des \u00e9changes professionnels et acad\u00e9miques, ces exp\u00e9riences offrent une opportunit\u00e9 d\u2019immersion culturelle et de mise en valeur du riche patrimoine ivoirien \u00e0 l\u2019international \u00bb, a ajout\u00e9 Kouadio. Depuis plusieurs ann\u00e9es, Aiesec en C\u00f4te d\u2019Ivoire s&#8217;engage pour le d\u00e9veloppement du leadership chez les jeunes, en leur offrant des opportunit\u00e9s de stages internationaux, des exp\u00e9riences de volontariat et des formations de qualit\u00e9. Cette ann\u00e9e, 105 jeunes ont b\u00e9n\u00e9fici\u00e9 d&#8217;opportunit\u00e9s humanitaires et professionnelles \u00e0 l&#8217;international, leur permettant d&#8217;acqu\u00e9rir des comp\u00e9tences et d&#8217;\u00e9largir leur vision du monde.<\/p>\n<p><strong>Tour\u00e9 Abdoulaye avec A. Traor\u00e9 (Sercom)<\/strong><\/p>\n","protected":false},"excerpt":{"rendered":"<p>L\u2019\u00e9dition 2025 du West Africa Connecting Summit (Wacs) s&#8217;est d\u00e9roul\u00e9e du vendredi 28 f\u00e9vrier au mardi 04 mars 2025 au B\u00e9nin. L\u2019Organisation Internationale des Jeunes Leaders ( Aiesec) en C\u00f4te d&#8217;Ivoire a inscrit son nom en lettres d\u2019or dans l\u2019histoire du West Africa Connecting Summit (Wacs) en raflant 13 distinctions sur 22 en comp\u00e9tition. Cet [&hellip;]<\/p>\n","protected":false},"author":4,"featured_media":37250,"comment_status":"closed","ping_status":"closed","sticky":false,"template":"","format":"standard","meta":{"_monsterinsights_skip_tracking":false,"_monsterinsights_sitenote_active":false,"_monsterinsights_sitenote_note":"","_monsterinsights_sitenote_category":0,"footnotes":""},"categories":[2,3],"tags":[4745,77,4746,4744],"class_list":["post-37249","post","type-post","status-publish","format-standard","has-post-thumbnail","hentry","category-featured","category-societe","tag-aiesec","tag-cote-divoire","tag-trophees","tag-wacs-2025"],"_links":{"self":[{"href":"https:\/\/www.lintelligentdabidjan.info\/news\/wp-json\/wp\/v2\/posts\/37249","targetHints":{"allow":["GET"]}}],"collection":[{"href":"https:\/\/www.lintelligentdabidjan.info\/news\/wp-json\/wp\/v2\/posts"}],"about":[{"href":"https:\/\/www.lintelligentdabidjan.info\/news\/wp-json\/wp\/v2\/types\/post"}],"author":[{"embeddable":true,"href":"https:\/\/www.lintelligentdabidjan.info\/news\/wp-json\/wp\/v2\/users\/4"}],"replies":[{"embeddable":true,"href":"https:\/\/www.lintelligentdabidjan.info\/news\/wp-json\/wp\/v2\/comments?post=37249"}],"version-history":[{"count":1,"href":"https:\/\/www.lintelligentdabidjan.info\/news\/wp-json\/wp\/v2\/posts\/37249\/revisions"}],"predecessor-version":[{"id":37251,"href":"https:\/\/www.lintelligentdabidjan.info\/news\/wp-json\/wp\/v2\/posts\/37249\/revisions\/37251"}],"wp:featuredmedia":[{"embeddable":true,"href":"https:\/\/www.lintelligentdabidjan.info\/news\/wp-json\/wp\/v2\/media\/37250"}],"wp:attachment":[{"href":"https:\/\/www.lintelligentdabidjan.info\/news\/wp-json\/wp\/v2\/media?parent=37249"}],"wp:term":[{"taxonomy":"category","embeddable":true,"href":"https:\/\/www.lintelligentdabidjan.info\/news\/wp-json\/wp\/v2\/categories?post=37249"},{"taxonomy":"post_tag","embeddable":true,"href":"https:\/\/www.lintelligentdabidjan.info\/news\/wp-json\/wp\/v2\/tags?post=37249"}],"curies":[{"name":"wp","href":"https:\/\/api.w.org\/{rel}","templated":true}]}}