{"id":37270,"date":"2025-03-12T04:59:49","date_gmt":"2025-03-12T03:59:49","guid":{"rendered":"https:\/\/www.lintelligentdabidjan.info\/news\/?p=37270"},"modified":"2025-03-12T04:59:55","modified_gmt":"2025-03-12T03:59:55","slug":"jif-2025-a-beoumi-krotoumou-diomande-exhorte-les-amazones-de-kondrobo-a-briser-les-pesanteurs","status":"publish","type":"post","link":"https:\/\/www.lintelligentdabidjan.info\/news\/jif-2025-a-beoumi-krotoumou-diomande-exhorte-les-amazones-de-kondrobo-a-briser-les-pesanteurs\/","title":{"rendered":"JIF 2025 \u00e0 B\u00e9oumi  &#8211;     Krotoumou Diomand\u00e9 exhorte les  Amazones de Kondrobo \u00e0 briser les pesanteurs"},"content":{"rendered":"<p><em><strong>Kondrobo, localit\u00e9 situ\u00e9e \u00e0 une cinquantaine de kilom\u00e8tres de B\u00e9oumi, a c\u00e9l\u00e9br\u00e9 la Journ\u00e9e internationale des droits de la femme, le samedi 8 mars. R\u00e9unies dans la cour de l\u2019\u00e9cole primaire, les femmes de cette sous-pr\u00e9fecture, membres de l\u2019association Les Amazones de Kondrobo, ont marqu\u00e9 cette journ\u00e9e d\u2019une empreinte m\u00e9morable en pr\u00e9sence des autorit\u00e9s administratives et locales.<\/strong><\/em><\/p>\n<p>L\u2019\u00e9v\u00e9nement a \u00e9t\u00e9 honor\u00e9 par la pr\u00e9sence du Sous-pr\u00e9fet Konat\u00e9 Seydou, de la marraine Krotoumou Diomand\u00e9, 4\u1d49 vice-pr\u00e9sidente du Conseil r\u00e9gional de Gb\u00eak\u00ea, du 7\u1d49 vice-pr\u00e9sident du Conseil r\u00e9gional, Brou Eug\u00e8ne, ainsi que des chefs coutumiers.<\/p>\n<p>\u00c0 cette occasion, Krotoumou Diomand\u00e9 a exhort\u00e9 les femmes de Kondrobo \u00e0 jouer un r\u00f4le actif dans l\u2019\u00e9ducation des jeunes filles.<\/p>\n<p>\u00ab J\u2019exhorte les femmes \u00e0 briser les cha\u00eenes des traditions mal interpr\u00e9t\u00e9es. Disons non \u00e0 l\u2019excision et \u0153uvrons pour une scolarisation totale de nos filles. C\u2019est ainsi que nous permettrons aux g\u00e9n\u00e9rations futures de s\u2019\u00e9panouir pleinement et de contribuer au d\u00e9veloppement de notre soci\u00e9t\u00e9 \u00bb, a-t-elle d\u00e9clar\u00e9.<\/p>\n<p>Elle a \u00e9galement salu\u00e9 l\u2019initiative des femmes de Kondrobo qui, \u00e0 travers leur association, mutualisent leurs efforts pour optimiser leurs activit\u00e9s agricoles et commerciales.<\/p>\n<p>La  marraine a aussi mis l\u2019accent sur les avanc\u00e9es infrastructurelles observ\u00e9es dans la r\u00e9gion, attribuant ces progr\u00e8s aux actions du gouvernement. Elle a appel\u00e9 les femmes \u00e0 rester mobilis\u00e9es et \u00e0 soutenir les cadres locaux engag\u00e9s dans le d\u00e9veloppement de leur communaut\u00e9.<\/p>\n<p>\u00ab Nous avons parcouru plus de 95 kilom\u00e8tres sur un bitume en excellent \u00e9tat, traversant des localit\u00e9s d\u00e9sormais \u00e9lectrifi\u00e9es et dot\u00e9es d\u2019infrastructures modernes. Tout cela est le fruit d\u2019une vision port\u00e9e par le pr\u00e9sident Alassane Ouattara. Continuons \u00e0 \u0153uvrer ensemble pour un avenir encore meilleur \u00bb, a-t-elle encourag\u00e9.<\/p>\n<p>Le Sous-pr\u00e9fet Konat\u00e9 Seydou a, quant \u00e0 lui, interpell\u00e9 les femmes sur un probl\u00e8me majeur : la non-d\u00e9claration des enfants \u00e0 l\u2019\u00e9tat civil.<\/p>\n<p>\u00ab Plus de 13 000 enfants de notre r\u00e9gion ne sont pas d\u00e9clar\u00e9s. Ch\u00e8res Amazones, je vous invite \u00e0 \u00eatre mes ambassadrices pour que chaque naissance soit suivie d\u2019une d\u00e9claration officielle. C\u2019est le premier droit fondamental de nos enfants \u00bb, a-t-il insist\u00e9.<\/p>\n<p>Il a \u00e9galement rappel\u00e9 l\u2019importance d\u2019envoyer autant les filles que les gar\u00e7ons \u00e0 l\u2019\u00e9cole afin de garantir leur avenir et leur pleine int\u00e9gration dans la soci\u00e9t\u00e9.<\/p>\n<p>D\u00e9 Amenan Suzanne, pr\u00e9sidente de l\u2019association Les Amazones de Kondrobo, a mis en lumi\u00e8re la r\u00e9silience et la d\u00e9termination des femmes de la localit\u00e9. Actives dans la culture du manioc, la transformation en atti\u00e9k\u00e9 et le commerce des vivriers, elles s\u2019organisent pour am\u00e9liorer leurs conditions de vie et celles de leurs familles.<\/p>\n<p>Cependant, pour accro\u00eetre leur impact \u00e9conomique, elles plaident pour un accompagnement accru en mati\u00e8re d\u2019acc\u00e8s au microcr\u00e9dit ainsi que pour l\u2019acquisition d\u2019\u00e9quipements tels que des broyeuses et des tricycles.<\/p>\n<p>Cette c\u00e9l\u00e9bration du 8 mars \u00e0 Kondrobo a ainsi \u00e9t\u00e9 une occasion de reconnaissance, de plaidoyer et d\u2019engagement en faveur de l\u2019autonomisation des femmes, pierre angulaire du d\u00e9veloppement durable de la communaut\u00e9.<\/p>\n<p><strong>Nambac\u00e9r\u00e9 Jo\u00ebl avec le sercom<\/strong><\/p>\n","protected":false},"excerpt":{"rendered":"<p>Kondrobo, localit\u00e9 situ\u00e9e \u00e0 une cinquantaine de kilom\u00e8tres de B\u00e9oumi, a c\u00e9l\u00e9br\u00e9 la Journ\u00e9e internationale des droits de la femme, le samedi 8 mars. R\u00e9unies dans la cour de l\u2019\u00e9cole primaire, les femmes de cette sous-pr\u00e9fecture, membres de l\u2019association Les Amazones de Kondrobo, ont marqu\u00e9 cette journ\u00e9e d\u2019une empreinte m\u00e9morable en pr\u00e9sence des autorit\u00e9s administratives [&hellip;]<\/p>\n","protected":false},"author":4,"featured_media":37271,"comment_status":"closed","ping_status":"closed","sticky":false,"template":"","format":"standard","meta":{"_monsterinsights_skip_tracking":false,"_monsterinsights_sitenote_active":false,"_monsterinsights_sitenote_note":"","_monsterinsights_sitenote_category":0,"footnotes":""},"categories":[2,3],"tags":[4755,353,4753,4756,4754],"class_list":["post-37270","post","type-post","status-publish","format-standard","has-post-thumbnail","hentry","category-featured","category-societe","tag-amazones","tag-beoumi","tag-jif-2025","tag-kondrobo","tag-krotoumou-diomande"],"_links":{"self":[{"href":"https:\/\/www.lintelligentdabidjan.info\/news\/wp-json\/wp\/v2\/posts\/37270","targetHints":{"allow":["GET"]}}],"collection":[{"href":"https:\/\/www.lintelligentdabidjan.info\/news\/wp-json\/wp\/v2\/posts"}],"about":[{"href":"https:\/\/www.lintelligentdabidjan.info\/news\/wp-json\/wp\/v2\/types\/post"}],"author":[{"embeddable":true,"href":"https:\/\/www.lintelligentdabidjan.info\/news\/wp-json\/wp\/v2\/users\/4"}],"replies":[{"embeddable":true,"href":"https:\/\/www.lintelligentdabidjan.info\/news\/wp-json\/wp\/v2\/comments?post=37270"}],"version-history":[{"count":1,"href":"https:\/\/www.lintelligentdabidjan.info\/news\/wp-json\/wp\/v2\/posts\/37270\/revisions"}],"predecessor-version":[{"id":37272,"href":"https:\/\/www.lintelligentdabidjan.info\/news\/wp-json\/wp\/v2\/posts\/37270\/revisions\/37272"}],"wp:featuredmedia":[{"embeddable":true,"href":"https:\/\/www.lintelligentdabidjan.info\/news\/wp-json\/wp\/v2\/media\/37271"}],"wp:attachment":[{"href":"https:\/\/www.lintelligentdabidjan.info\/news\/wp-json\/wp\/v2\/media?parent=37270"}],"wp:term":[{"taxonomy":"category","embeddable":true,"href":"https:\/\/www.lintelligentdabidjan.info\/news\/wp-json\/wp\/v2\/categories?post=37270"},{"taxonomy":"post_tag","embeddable":true,"href":"https:\/\/www.lintelligentdabidjan.info\/news\/wp-json\/wp\/v2\/tags?post=37270"}],"curies":[{"name":"wp","href":"https:\/\/api.w.org\/{rel}","templated":true}]}}