{"id":37274,"date":"2025-03-12T05:04:11","date_gmt":"2025-03-12T04:04:11","guid":{"rendered":"https:\/\/www.lintelligentdabidjan.info\/news\/?p=37274"},"modified":"2025-03-12T05:04:15","modified_gmt":"2025-03-12T04:04:15","slug":"autonomisation-des-jeunes-un-programme-elites-au-feminin-veut-accompagner-les-jeunes","status":"publish","type":"post","link":"https:\/\/www.lintelligentdabidjan.info\/news\/autonomisation-des-jeunes-un-programme-elites-au-feminin-veut-accompagner-les-jeunes\/","title":{"rendered":"Autonomisation des jeunes-    Un programme \u00ab \u00c9lites au f\u00e9minin \u00bb  veut accompagner les jeunes"},"content":{"rendered":"<p><em><strong>L\u2019ONG \u2018\u2019Servons C\u00f4te d\u2019Ivoire\u2019\u2019 et ses partenaires ont organis\u00e9 le lancement officiel des ateliers \u00c9lites au f\u00e9minin, le mardi 11 mars 2025 dans un centre commercial d\u2019Abidjan-Cocody. Lors de cette conf\u00e9rence de presse, les organisateurs ont exprim\u00e9 leur motivation pour l\u2019organisation de ces ateliers. Selon Mariam Diakit\u00e9, promotrice de l\u2019initiative, le projet vise \u00e0 promouvoir le mentorat personnalis\u00e9 avec des leaders inspirants, \u00e0 permettre le d\u00e9veloppement personnel et les soft skills, \u00e0 pr\u00e9parer \u00e0 la vie en entreprise et \u00e0 ma\u00eetriser des outils modernes tels que l\u2019intelligence artificielle, l\u2019informatique et bien d\u2019autres atouts.<\/strong><\/em><\/p>\n<p>\u00ab Les ateliers \u00c9lites au f\u00e9minin sont un programme d\u2019insertion professionnelle. Il est d\u00e9di\u00e9 aux jeunes, et en majorit\u00e9 aux jeunes femmes. Depuis 2021, environ 750 jeunes ont \u00e9t\u00e9 accompagn\u00e9s par le programme, avec 80 % de femmes. \u00c0 cette \u00e9dition, nous avons mis l\u2019accent sur les m\u00e9tiers du digital, \u00e0 savoir la cyber-s\u00e9curit\u00e9, et \u00e9galement sur la reconversion des joueuses professionnelles de football. Nous avons plus de 2000 postes \u00e0 pourvoir dans la cyber s\u00e9curit\u00e9 aujourd&#8217;hui, et les jeunes sont en qu\u00eate d&#8217;emploi. Nous pensons qu\u2019il faut les former pour leur donner des opportunit\u00e9s de s\u2019ins\u00e9rer dans la vie active \u00bb, a-t-elle pr\u00e9cis\u00e9.<\/p>\n<p>Cette c\u00e9r\u00e9monie de lancement a vu la participation de plusieurs personnalit\u00e9s, tant sportives que culturelles, telles que Ti\u00e9n\u00e9 Siaka, ex-footballeur, ainsi que plusieurs ONG et partenaires du projet.<\/p>\n<p>Les participants ont eu droit \u00e0 des panels anim\u00e9s par des acteurs du sport, de l\u2019entrepreneuriat et du leadership. Ils ont \u00e9galement eu acc\u00e8s \u00e0 des t\u00e9moignages \u00e9difiants de personnes  parties de rien pour se r\u00e9aliser et ainsi impacter leurs communaut\u00e9s respectives.<\/p>\n<p>Pour cette \u00e9dition, l\u2019atelier au f\u00e9minin souhaite avoir plus d\u2019impact en ins\u00e9rant 30 jeunes dans des m\u00e9tiers \u00e0 forte demande, en accompagnant 200 joueuses de football pour une insertion r\u00e9ussie, et surtout en promouvant l\u2019\u00e9galit\u00e9 des chances et l&#8217;inclusion des femmes dans les secteurs strat\u00e9giques.<\/p>\n<p> <strong>Mamadou Ouattara avec G\u00e9rard Batoua et sercom<\/strong><\/p>\n","protected":false},"excerpt":{"rendered":"<p>L\u2019ONG \u2018\u2019Servons C\u00f4te d\u2019Ivoire\u2019\u2019 et ses partenaires ont organis\u00e9 le lancement officiel des ateliers \u00c9lites au f\u00e9minin, le mardi 11 mars 2025 dans un centre commercial d\u2019Abidjan-Cocody. Lors de cette conf\u00e9rence de presse, les organisateurs ont exprim\u00e9 leur motivation pour l\u2019organisation de ces ateliers. Selon Mariam Diakit\u00e9, promotrice de l\u2019initiative, le projet vise \u00e0 promouvoir [&hellip;]<\/p>\n","protected":false},"author":4,"featured_media":37275,"comment_status":"closed","ping_status":"closed","sticky":false,"template":"","format":"standard","meta":{"_monsterinsights_skip_tracking":false,"_monsterinsights_sitenote_active":false,"_monsterinsights_sitenote_note":"","_monsterinsights_sitenote_category":0,"footnotes":""},"categories":[2,3],"tags":[3159,3229,701,2918],"class_list":["post-37274","post","type-post","status-publish","format-standard","has-post-thumbnail","hentry","category-featured","category-societe","tag-autonomisation-des-jeunes","tag-feminin","tag-jeunes","tag-programme"],"_links":{"self":[{"href":"https:\/\/www.lintelligentdabidjan.info\/news\/wp-json\/wp\/v2\/posts\/37274","targetHints":{"allow":["GET"]}}],"collection":[{"href":"https:\/\/www.lintelligentdabidjan.info\/news\/wp-json\/wp\/v2\/posts"}],"about":[{"href":"https:\/\/www.lintelligentdabidjan.info\/news\/wp-json\/wp\/v2\/types\/post"}],"author":[{"embeddable":true,"href":"https:\/\/www.lintelligentdabidjan.info\/news\/wp-json\/wp\/v2\/users\/4"}],"replies":[{"embeddable":true,"href":"https:\/\/www.lintelligentdabidjan.info\/news\/wp-json\/wp\/v2\/comments?post=37274"}],"version-history":[{"count":1,"href":"https:\/\/www.lintelligentdabidjan.info\/news\/wp-json\/wp\/v2\/posts\/37274\/revisions"}],"predecessor-version":[{"id":37276,"href":"https:\/\/www.lintelligentdabidjan.info\/news\/wp-json\/wp\/v2\/posts\/37274\/revisions\/37276"}],"wp:featuredmedia":[{"embeddable":true,"href":"https:\/\/www.lintelligentdabidjan.info\/news\/wp-json\/wp\/v2\/media\/37275"}],"wp:attachment":[{"href":"https:\/\/www.lintelligentdabidjan.info\/news\/wp-json\/wp\/v2\/media?parent=37274"}],"wp:term":[{"taxonomy":"category","embeddable":true,"href":"https:\/\/www.lintelligentdabidjan.info\/news\/wp-json\/wp\/v2\/categories?post=37274"},{"taxonomy":"post_tag","embeddable":true,"href":"https:\/\/www.lintelligentdabidjan.info\/news\/wp-json\/wp\/v2\/tags?post=37274"}],"curies":[{"name":"wp","href":"https:\/\/api.w.org\/{rel}","templated":true}]}}