{"id":37277,"date":"2025-03-12T05:07:12","date_gmt":"2025-03-12T04:07:12","guid":{"rendered":"https:\/\/www.lintelligentdabidjan.info\/news\/?p=37277"},"modified":"2025-03-12T05:07:12","modified_gmt":"2025-03-12T04:07:12","slug":"lintelligent-en-pdf-quatre-ans-apres-des-ivoiriens-se-souviennent-dhamed-bakayoko","status":"publish","type":"post","link":"https:\/\/www.lintelligentdabidjan.info\/news\/lintelligent-en-pdf-quatre-ans-apres-des-ivoiriens-se-souviennent-dhamed-bakayoko\/","title":{"rendered":"L&#8217;Intelligent en PDF:    Quatre ans apr\u00e8s   Des Ivoiriens se souviennent d\u2019Hamed Bakayoko"},"content":{"rendered":"<p><strong>Le lundi 10 mars 2025, cela a fait quatre ans, jour pour jour, que le Premier ministre Hamed Bakayoko tirait sa r\u00e9v\u00e9rence. Il avait succomb\u00e9 \u00e0 un cancer qualifi\u00e9 de foudroyant par le corps m\u00e9dical. Il \u00e9tait le 11e Premier ministre de l\u2019histoire de la C\u00f4te d\u2019Ivoire et le deuxi\u00e8me \u00e0 d\u00e9c\u00e9der en fonction, apr\u00e8s son pr\u00e9d\u00e9cesseur Amadou Gon Coulibaly.Quatre ans apr\u00e8s des Ivoiriens se souviennent d\u2019Hamed Bakayoko. Qui sont t-ils et qu&#8217;est ce qu&#8217;ils ont dit? <\/strong><\/p>\n<p>Article \u00e0 d\u00e9couvrir dans vos kiosques et en ligne sur&#8230;<\/p>\n<p><a href=\"https:\/\/news.abidjan.net\/titrologie\/39-lintelligent-dabidjan\/articles\" target=\"_blank\">https:\/\/news.abidjan.net\/titrologie\/39-lintelligent-dabidjan\/articles<\/a><\/p>\n<p>\u00c0 lire \u00e9galement L\u2019avenir roule en C\u00f4te d\u2019Ivoire, Kpandji en route, Raymonde Goudou<\/p>\n<p>t\u00e9moigne des progr\u00e8s en mati\u00e8re des droits des femmes , 30 ans apr\u00e8s Beijing, Val\u00e9rie Yapo Yolande contre son exclusion du PDCI-RDA, assigne Thiam en justice, Mitreli n&#8217;est pas d&#8217;accord avec les informations faisant \u00e9tat de ce qu&#8217;il n&#8217;a pas tenu ses engagements et a prof\u00e9r\u00e9 des menaces, l&#8217;audience accord\u00e9e par la Premi\u00e8re Dame \u00e0 la directrice pays de la Banque mondiale et LU POUR VOUS by CoolBee Ouattara sur&#8221;Na\u00efma&#8221; Nania Koulibaly ou quand tradition et modernit\u00e9 s&#8217;opposent dans une soci\u00e9t\u00e9 en pleine mutation.<\/p>\n<p>Cliquez pour les d\u00e9tails<\/p>\n<p><a href=\"https:\/\/www.afrikipresse.fr\/abonnement\" target=\"_blank\">https:\/\/www.afrikipresse.fr\/abonnement<\/a><\/p>\n<p>\u00c0 voir aussi don par Me Kamara de 70 tonnes de vivres dans le Dengu\u00e9l\u00e9 et l&#8217;arrestation de deux braconniers dans la r\u00e9serve de N&#8217;Zi River Lodge \u00e0 Bouak\u00e9.<\/p>\n<p><a href=\"https:\/\/www.pressecotedivoire.ci\/titrologie\" target=\"_blank\">https:\/\/www.pressecotedivoire.ci\/titrologie<\/a><\/p>\n","protected":false},"excerpt":{"rendered":"<p>Le lundi 10 mars 2025, cela a fait quatre ans, jour pour jour, que le Premier ministre Hamed Bakayoko tirait sa r\u00e9v\u00e9rence. Il avait succomb\u00e9 \u00e0 un cancer qualifi\u00e9 de foudroyant par le corps m\u00e9dical. Il \u00e9tait le 11e Premier ministre de l\u2019histoire de la C\u00f4te d\u2019Ivoire et le deuxi\u00e8me \u00e0 d\u00e9c\u00e9der en fonction, apr\u00e8s [&hellip;]<\/p>\n","protected":false},"author":4,"featured_media":37278,"comment_status":"closed","ping_status":"closed","sticky":false,"template":"","format":"standard","meta":{"_monsterinsights_skip_tracking":false,"_monsterinsights_sitenote_active":false,"_monsterinsights_sitenote_note":"","_monsterinsights_sitenote_category":0,"footnotes":""},"categories":[2,3],"tags":[],"class_list":["post-37277","post","type-post","status-publish","format-standard","has-post-thumbnail","hentry","category-featured","category-societe"],"_links":{"self":[{"href":"https:\/\/www.lintelligentdabidjan.info\/news\/wp-json\/wp\/v2\/posts\/37277","targetHints":{"allow":["GET"]}}],"collection":[{"href":"https:\/\/www.lintelligentdabidjan.info\/news\/wp-json\/wp\/v2\/posts"}],"about":[{"href":"https:\/\/www.lintelligentdabidjan.info\/news\/wp-json\/wp\/v2\/types\/post"}],"author":[{"embeddable":true,"href":"https:\/\/www.lintelligentdabidjan.info\/news\/wp-json\/wp\/v2\/users\/4"}],"replies":[{"embeddable":true,"href":"https:\/\/www.lintelligentdabidjan.info\/news\/wp-json\/wp\/v2\/comments?post=37277"}],"version-history":[{"count":1,"href":"https:\/\/www.lintelligentdabidjan.info\/news\/wp-json\/wp\/v2\/posts\/37277\/revisions"}],"predecessor-version":[{"id":37279,"href":"https:\/\/www.lintelligentdabidjan.info\/news\/wp-json\/wp\/v2\/posts\/37277\/revisions\/37279"}],"wp:featuredmedia":[{"embeddable":true,"href":"https:\/\/www.lintelligentdabidjan.info\/news\/wp-json\/wp\/v2\/media\/37278"}],"wp:attachment":[{"href":"https:\/\/www.lintelligentdabidjan.info\/news\/wp-json\/wp\/v2\/media?parent=37277"}],"wp:term":[{"taxonomy":"category","embeddable":true,"href":"https:\/\/www.lintelligentdabidjan.info\/news\/wp-json\/wp\/v2\/categories?post=37277"},{"taxonomy":"post_tag","embeddable":true,"href":"https:\/\/www.lintelligentdabidjan.info\/news\/wp-json\/wp\/v2\/tags?post=37277"}],"curies":[{"name":"wp","href":"https:\/\/api.w.org\/{rel}","templated":true}]}}