{"id":37280,"date":"2025-03-13T04:43:05","date_gmt":"2025-03-13T03:43:05","guid":{"rendered":"https:\/\/www.lintelligentdabidjan.info\/news\/?p=37280"},"modified":"2025-03-13T04:43:09","modified_gmt":"2025-03-13T03:43:09","slug":"fevmci-2025-en-france-les-produits-ivoiriens-a-lhonneur-a-noisy-le-sec","status":"publish","type":"post","link":"https:\/\/www.lintelligentdabidjan.info\/news\/fevmci-2025-en-france-les-produits-ivoiriens-a-lhonneur-a-noisy-le-sec\/","title":{"rendered":"FEVMCI 2025 en France-   Les produits ivoiriens \u00e0 l&#8217;honneur \u00e0 Noisy-Le-Sec"},"content":{"rendered":"<p><em><strong>\u00c0 Noisy-le-Sec, la premi\u00e8re \u00e9dition de la Foire Exposition Vente du Made in C\u00f4te d\u2019Ivoire (FEVMCI) a mis en avant le dynamisme et le potentiel des produits ivoiriens. Cet \u00e9v\u00e9nement a r\u00e9uni exposants et visiteurs autour d\u2019une vitrine exceptionnelle d\u00e9di\u00e9e aux produits alimentaires transform\u00e9s et artisanaux, renfor\u00e7ant ainsi les liens commerciaux entre la C\u00f4te d\u2019Ivoire et la France.<\/strong><\/em><\/p>\n<p>La premi\u00e8re \u00e9dition de la FEVMCI 2025 s\u2019est tenue du 3 au 5 mars 2025 \u00e0 la salle Oasis de Noisy-le-Sec, en France. Coorganis\u00e9e par l\u2019Ambassade de C\u00f4te d\u2019Ivoire et la mairie de Noisy-le-Sec, cette foire s\u2019inscrit dans la continuit\u00e9 du Salon International de l\u2019Agriculture (SIA), qui s\u2019est d\u00e9roul\u00e9 \u00e0 Paris du 22 f\u00e9vrier au 2 mars.<\/p>\n<p>Sous le th\u00e8me \u00ab L\u2019acc\u00e8s des produits ivoiriens au march\u00e9 fran\u00e7ais \u00bb, la FEVMCI 2025 a rassembl\u00e9 plus de 30 exposants et attir\u00e9 plus de 250 visiteurs. Les exposants ivoiriens pr\u00e9sents au SIA ont profit\u00e9 de cette opportunit\u00e9 pour \u00e9couler leurs stocks de produits et, surtout, tisser des partenariats avec des acteurs \u00e9conomiques et commerciaux fran\u00e7ais op\u00e9rant dans le secteur de la grande distribution de produits alimentaires et artisanaux : grossistes, responsables d\u2019entrep\u00f4ts, g\u00e9rants de magasins exotiques et d\u2019\u00e9piceries fines.<\/p>\n<p>Selon la note d\u2019information re\u00e7ue de l\u2019ambassade de la C\u00f4te d\u2019Ivoire en France, cette foire a repr\u00e9sent\u00e9 une occasion unique de faire conna\u00eetre les produits alimentaires transform\u00e9s et artisanaux ivoiriens sur le march\u00e9 fran\u00e7ais. Andr\u00e9 Kouassi Kouakou, Commissaire g\u00e9n\u00e9ral du SARA et repr\u00e9sentant de Kobenan Kouassi Adjoumani, Ministre d\u2019\u00c9tat, Ministre de l\u2019Agriculture, du D\u00e9veloppement Rural et des Productions Vivri\u00e8res, a soulign\u00e9 l\u2019importance de cet \u00e9v\u00e9nement pour les agro-transformatrices ivoiriennes. <\/p>\n<p>De son c\u00f4t\u00e9, Rodrigue Esse, Directeur de la Promotion Industrielle et de la Comp\u00e9titivit\u00e9, repr\u00e9sentant Souleymane Diarrassouba, Ministre du Commerce et de l\u2019Industrie, a relev\u00e9 que cet \u00e9v\u00e9nement a contribu\u00e9 \u00e0 accro\u00eetre la visibilit\u00e9 des produits et services propos\u00e9s par les entreprises artisanales et commerciales ivoiriennes sur le march\u00e9 fran\u00e7ais.<\/p>\n<p>Olivier Sarrabeyrouse, maire de Noisy-le-Sec, qui a proc\u00e9d\u00e9 au lancement officiel de l\u2019\u00e9v\u00e9nement le lundi 3 mars 2025 en pr\u00e9sence du repr\u00e9sentant de l\u2019Ambassadeur de C\u00f4te d\u2019Ivoire en France, Dr Drissa Kon\u00e9, Chef de Service Commercial, a encourag\u00e9 le renforcement des collaborations entre les populations, les op\u00e9rateurs \u00e9conomiques et les chefs d\u2019entreprise fran\u00e7ais et ivoiriens.<\/p>\n<p>La foire avait pour objectif de promouvoir l\u2019innovation et la qualit\u00e9 des produits Made in C\u00f4te d\u2019Ivoire, de s\u00e9duire les acheteurs professionnels fran\u00e7ais et de favoriser la conclusion de contrats d\u2019affaires, de partenariats et de commandes de produits ivoiriens.<\/p>\n<p>\u00ab La FEVMCI 2025 constitue une occasion de c\u00e9l\u00e9brer le talent et le savoir-faire des entreprises ivoiriennes, en mettant en lumi\u00e8re les PME et les Tr\u00e8s Petites Entreprises (TPE) qui donnent vie aux produits Made in C\u00f4te d\u2019Ivoire \u00bb, a d\u00e9clar\u00e9 Dr Drissa Kon\u00e9, repr\u00e9sentant   Maurice Kouakou Bandaman, Ambassadeur de la C\u00f4te d\u2019Ivoire en France. <\/p>\n<p>Selon lui, cette premi\u00e8re \u00e9dition de la FEVMCI a permis de sensibiliser et d\u2019inciter les consommateurs fran\u00e7ais \u00e0 d\u00e9couvrir le potentiel ivoirien en mati\u00e8re de transformation des produits alimentaires.<\/p>\n<p><strong>Ange Kouadio<\/strong><\/p>\n","protected":false},"excerpt":{"rendered":"<p>\u00c0 Noisy-le-Sec, la premi\u00e8re \u00e9dition de la Foire Exposition Vente du Made in C\u00f4te d\u2019Ivoire (FEVMCI) a mis en avant le dynamisme et le potentiel des produits ivoiriens. Cet \u00e9v\u00e9nement a r\u00e9uni exposants et visiteurs autour d\u2019une vitrine exceptionnelle d\u00e9di\u00e9e aux produits alimentaires transform\u00e9s et artisanaux, renfor\u00e7ant ainsi les liens commerciaux entre la C\u00f4te d\u2019Ivoire [&hellip;]<\/p>\n","protected":false},"author":4,"featured_media":37281,"comment_status":"closed","ping_status":"closed","sticky":false,"template":"","format":"standard","meta":{"_monsterinsights_skip_tracking":false,"_monsterinsights_sitenote_active":false,"_monsterinsights_sitenote_note":"","_monsterinsights_sitenote_category":0,"footnotes":""},"categories":[2,18],"tags":[4757,410,4760,4758,4759],"class_list":["post-37280","post","type-post","status-publish","format-standard","has-post-thumbnail","hentry","category-featured","category-economie","tag-fevmci-2025","tag-france","tag-noisy-le-sec","tag-produits-i","tag-voiriens"],"_links":{"self":[{"href":"https:\/\/www.lintelligentdabidjan.info\/news\/wp-json\/wp\/v2\/posts\/37280","targetHints":{"allow":["GET"]}}],"collection":[{"href":"https:\/\/www.lintelligentdabidjan.info\/news\/wp-json\/wp\/v2\/posts"}],"about":[{"href":"https:\/\/www.lintelligentdabidjan.info\/news\/wp-json\/wp\/v2\/types\/post"}],"author":[{"embeddable":true,"href":"https:\/\/www.lintelligentdabidjan.info\/news\/wp-json\/wp\/v2\/users\/4"}],"replies":[{"embeddable":true,"href":"https:\/\/www.lintelligentdabidjan.info\/news\/wp-json\/wp\/v2\/comments?post=37280"}],"version-history":[{"count":1,"href":"https:\/\/www.lintelligentdabidjan.info\/news\/wp-json\/wp\/v2\/posts\/37280\/revisions"}],"predecessor-version":[{"id":37282,"href":"https:\/\/www.lintelligentdabidjan.info\/news\/wp-json\/wp\/v2\/posts\/37280\/revisions\/37282"}],"wp:featuredmedia":[{"embeddable":true,"href":"https:\/\/www.lintelligentdabidjan.info\/news\/wp-json\/wp\/v2\/media\/37281"}],"wp:attachment":[{"href":"https:\/\/www.lintelligentdabidjan.info\/news\/wp-json\/wp\/v2\/media?parent=37280"}],"wp:term":[{"taxonomy":"category","embeddable":true,"href":"https:\/\/www.lintelligentdabidjan.info\/news\/wp-json\/wp\/v2\/categories?post=37280"},{"taxonomy":"post_tag","embeddable":true,"href":"https:\/\/www.lintelligentdabidjan.info\/news\/wp-json\/wp\/v2\/tags?post=37280"}],"curies":[{"name":"wp","href":"https:\/\/api.w.org\/{rel}","templated":true}]}}