{"id":37289,"date":"2025-03-14T03:06:34","date_gmt":"2025-03-14T02:06:34","guid":{"rendered":"https:\/\/www.lintelligentdabidjan.info\/news\/?p=37289"},"modified":"2025-03-14T03:06:47","modified_gmt":"2025-03-14T02:06:47","slug":"haut-sassandra-sui-bi-guillaume-a-propos-du-ministre-mamadou-toure-les-populations-ont-place-leur-confiance-en-un-homme-de-parole-et-dengagement","status":"publish","type":"post","link":"https:\/\/www.lintelligentdabidjan.info\/news\/haut-sassandra-sui-bi-guillaume-a-propos-du-ministre-mamadou-toure-les-populations-ont-place-leur-confiance-en-un-homme-de-parole-et-dengagement\/","title":{"rendered":"Haut-Sassandra \/ Sui Bi Guillaume \u00e0  propos du Ministre Mamadou Tour\u00e9  :   \u00ab Les populations ont plac\u00e9 leur confiance en un Homme de parole et d\u2019engagement \u00bb"},"content":{"rendered":"<p><em><strong>Sui Bi Guillaume, Premier Vice-Pr\u00e9sident du Conseil R\u00e9gional du Haut-Sassandra, a r\u00e9affirm\u00e9 l\u2019engagement du Conseil en faveur du bien-\u00eatre des populations. C\u2019\u00e9tait le samedi 8 mars 2025  \u00e0  l\u2019occasion de la remise d\u2019une ambulance m\u00e9dicalis\u00e9e \u00e0 la sous-pr\u00e9fecture de Bazra Nattis,  au cours de laquelle  il a rappel\u00e9, concernant Mamadou Tour\u00e9,  que les habitants ont plac\u00e9 leur confiance en un leadership de parole et d\u2019action.<\/strong><\/em><\/p>\n<p>Offerte par le conseil r\u00e9gional du Haut-Sassandra, cette ambulance r\u00e9pond \u00e0 un besoin urgent de transport sanitaire.<\/p>\n<p>Pendant pr\u00e8s de deux ans, l\u2019absence d\u2019un v\u00e9hicule en \u00e9tat de fonctionnement a mis en p\u00e9ril la vie de nombreux habitants.<\/p>\n<p>L\u2019ancienne ambulance \u00e9tant hors service, les malades et les femmes en travail \u00e9taient souvent transport\u00e9s \u00e0 moto, une situation dangereuse et pr\u00e9caire.<\/p>\n<p>L\u2019arriv\u00e9e de ce nouvel \u00e9quipement apporte donc un soulagement consid\u00e9rable aux populations.<\/p>\n<p>Cette remise d\u2019ambulance s\u2019inscrit dans une politique de renforcement du syst\u00e8me de sant\u00e9 men\u00e9e par le Conseil R\u00e9gional du Haut-Sassandra sous l\u2019impulsion du Ministre Mamadou Tour\u00e9.<\/p>\n<p>Le directeur d\u00e9partemental de la sant\u00e9 de Vavoua, Joseph Aka, a salu\u00e9 cette initiative, rappelant que plusieurs infrastructures sanitaires ont r\u00e9cemment \u00e9t\u00e9 mises en place dans la r\u00e9gion. En moins de deux ans, une nouvelle maternit\u00e9 a \u00e9t\u00e9 construite \u00e0 Bonoufla et trois ambulances ont \u00e9t\u00e9 attribu\u00e9es aux localit\u00e9s de Dania, Dananon et Bazra Nattis.<\/p>\n<p>Cette nouvelle acquisition b\u00e9n\u00e9ficiera \u00e9galement aux cantons Nattis, Bronon et \u00e0 une partie du canton Sokya.<\/p>\n<p>Il a indiqu\u00e9 que depuis son \u00e9lection \u00e0 la t\u00eate du Conseil R\u00e9gional, Mamadou Tour\u00e9,  a travaill\u00e9 sans rel\u00e2che pour honorer ses engagements pris en septembre 2023.<\/p>\n<p>Pour l\u2019ann\u00e9e 2024, un budget de 5 789 612 360 francs CFA a \u00e9t\u00e9 allou\u00e9 \u00e0 la r\u00e9gion, dont 550 849 402 francs CFA, soit 10 %, d\u00e9di\u00e9s au secteur de la sant\u00e9.<\/p>\n<p>Au-del\u00e0 du secteur de la sant\u00e9, plusieurs projets structurants ont \u00e9t\u00e9 annonc\u00e9s pour am\u00e9liorer les conditions de vie des populations, notamment la r\u00e9habilitation du ch\u00e2teau d\u2019eau, l\u2019extension du r\u00e9seau \u00e9lectrique et l\u2019installation de pompes \u00e0 motricit\u00e9 solaire pour renforcer l\u2019acc\u00e8s \u00e0 l\u2019eau potable dans plusieurs villages.<\/p>\n<p>Sui Bi Guillaume a conclu son intervention en insistant sur l&#8217;importance de la paix et de l\u2019unit\u00e9 pour assurer la continuit\u00e9 du d\u00e9veloppement.<\/p>\n<p>Il a soulign\u00e9 que les avanc\u00e9es enregistr\u00e9es aujourd\u2019hui n\u2019auraient pas \u00e9t\u00e9 possibles sans un climat de stabilit\u00e9.<\/p>\n<p>\u00c0 l\u2019approche des \u00e9lections, il a appel\u00e9 les populations \u00e0 la vigilance face aux promesses illusoires et les a encourag\u00e9es \u00e0 reconna\u00eetre les actions concr\u00e8tes men\u00e9es sous la direction du Pr\u00e9sident Alassane Ouattara et du Ministre Mamadou Tour\u00e9.<\/p>\n<p>La c\u00e9r\u00e9monie s\u2019est achev\u00e9e par la remise officielle des cl\u00e9s de l\u2019ambulance \u00e0 Madame la Sous-Pr\u00e9f\u00e8te, sous les applaudissements d\u2019une population soulag\u00e9e et reconnaissante.<\/p>\n<p><strong>Beker Yao<\/strong><\/p>\n","protected":false},"excerpt":{"rendered":"<p>Sui Bi Guillaume, Premier Vice-Pr\u00e9sident du Conseil R\u00e9gional du Haut-Sassandra, a r\u00e9affirm\u00e9 l\u2019engagement du Conseil en faveur du bien-\u00eatre des populations. C\u2019\u00e9tait le samedi 8 mars 2025 \u00e0 l\u2019occasion de la remise d\u2019une ambulance m\u00e9dicalis\u00e9e \u00e0 la sous-pr\u00e9fecture de Bazra Nattis, au cours de laquelle il a rappel\u00e9, concernant Mamadou Tour\u00e9, que les habitants ont [&hellip;]<\/p>\n","protected":false},"author":4,"featured_media":37290,"comment_status":"closed","ping_status":"closed","sticky":false,"template":"","format":"standard","meta":{"_monsterinsights_skip_tracking":false,"_monsterinsights_sitenote_active":false,"_monsterinsights_sitenote_note":"","_monsterinsights_sitenote_category":0,"footnotes":""},"categories":[2,3],"tags":[2162,1972,2068,4762,4221,1512,4761],"class_list":["post-37289","post","type-post","status-publish","format-standard","has-post-thumbnail","hentry","category-featured","category-societe","tag-engagement","tag-haut-sassandra","tag-homme","tag-ministre-mamadou-toure","tag-parole","tag-populations","tag-sui-bi-guillaume"],"_links":{"self":[{"href":"https:\/\/www.lintelligentdabidjan.info\/news\/wp-json\/wp\/v2\/posts\/37289","targetHints":{"allow":["GET"]}}],"collection":[{"href":"https:\/\/www.lintelligentdabidjan.info\/news\/wp-json\/wp\/v2\/posts"}],"about":[{"href":"https:\/\/www.lintelligentdabidjan.info\/news\/wp-json\/wp\/v2\/types\/post"}],"author":[{"embeddable":true,"href":"https:\/\/www.lintelligentdabidjan.info\/news\/wp-json\/wp\/v2\/users\/4"}],"replies":[{"embeddable":true,"href":"https:\/\/www.lintelligentdabidjan.info\/news\/wp-json\/wp\/v2\/comments?post=37289"}],"version-history":[{"count":2,"href":"https:\/\/www.lintelligentdabidjan.info\/news\/wp-json\/wp\/v2\/posts\/37289\/revisions"}],"predecessor-version":[{"id":37292,"href":"https:\/\/www.lintelligentdabidjan.info\/news\/wp-json\/wp\/v2\/posts\/37289\/revisions\/37292"}],"wp:featuredmedia":[{"embeddable":true,"href":"https:\/\/www.lintelligentdabidjan.info\/news\/wp-json\/wp\/v2\/media\/37290"}],"wp:attachment":[{"href":"https:\/\/www.lintelligentdabidjan.info\/news\/wp-json\/wp\/v2\/media?parent=37289"}],"wp:term":[{"taxonomy":"category","embeddable":true,"href":"https:\/\/www.lintelligentdabidjan.info\/news\/wp-json\/wp\/v2\/categories?post=37289"},{"taxonomy":"post_tag","embeddable":true,"href":"https:\/\/www.lintelligentdabidjan.info\/news\/wp-json\/wp\/v2\/tags?post=37289"}],"curies":[{"name":"wp","href":"https:\/\/api.w.org\/{rel}","templated":true}]}}