{"id":37299,"date":"2025-03-14T03:21:24","date_gmt":"2025-03-14T02:21:24","guid":{"rendered":"https:\/\/www.lintelligentdabidjan.info\/news\/?p=37299"},"modified":"2025-03-14T03:21:35","modified_gmt":"2025-03-14T02:21:35","slug":"lintelligent-en-pdf-quatre-ans-apres-la-disparition-du-premier-ministre-hamed-bakayoko-sidiki-konate-depute-et-figure-politique-ivoirienne-revient-sur-les-liens-fraternels-qui-les-unissaient","status":"publish","type":"post","link":"https:\/\/www.lintelligentdabidjan.info\/news\/lintelligent-en-pdf-quatre-ans-apres-la-disparition-du-premier-ministre-hamed-bakayoko-sidiki-konate-depute-et-figure-politique-ivoirienne-revient-sur-les-liens-fraternels-qui-les-unissaient\/","title":{"rendered":"L&#8217;Intelligent en PDF:    Quatre ans apr\u00e8s la disparition du Premier ministre Hamed Bakayoko, Sidiki Konat\u00e9, d\u00e9put\u00e9 et figure politique ivoirienne, revient sur les liens fraternels qui les unissaient."},"content":{"rendered":"<p><strong>Dans cet entretien exclusif accord\u00e9 \u00e0 L\u2019Intelligent d\u2019Abidjan, il \u00e9voque avec \u00e9motion et franchise leurs ann\u00e9es d\u2019amiti\u00e9, leurs combats communs et les enseignements tir\u00e9s de cette relation hors du commun. Entre anecdotes estudiantines, r\u00e9flexions sur la politique et la spiritualit\u00e9, Sidiki Konat\u00e9 nous livre un t\u00e9moignage poignant et inspirant.<\/strong><\/p>\n<p>Interview \u00e0 d\u00e9couvrir dans vos kiosques et en ligne sur&#8230;<\/p>\n<p><a href=\"https:\/\/news.abidjan.net\/titrologie\/39-lintelligent-dabidjan\/articles\" target=\"_blank\">https:\/\/news.abidjan.net\/titrologie\/39-lintelligent-dabidjan\/articles<\/a><\/p>\n<p>\u00c0 lire \u00e9galement l&#8217;interview du pr\u00e9sident de l&#8217;UDCY<\/p>\n<p>Gnanzi Anicet , Robert Mamb\u00e9 salue les efforts de Bruno Kon\u00e9 lors de la remise de 1072 nouveaux logements sociaux et \u00e9conomiques, La C\u00f4te d\u2019Ivoire acc\u00e9l\u00e8re la r\u00e9volution num\u00e9rique , Calvaire, informel et corruption lors du voyage en car Abidjan-Monrovia, des D\u00e9crets pour une nouvelle \u00e8re \u00e0 la Fonction Publique, L\u2019Ambassadeur Tanon F\u00e9lix relance la Coop\u00e9ration C\u00f4te d\u2019Ivoire-B\u00e9nin.<\/p>\n<p>Cliquez pour les d\u00e9tails<\/p>\n<p><a href=\"https:\/\/www.afrikipresse.fr\/abonnement\" target=\"_blank\">https:\/\/www.afrikipresse.fr\/abonnement<\/a><\/p>\n<p>\u00c0 voir aussi le geste fort de Mme Ouattara dans le cadre du Ramadan 2025 et des universitaires en colloque \u00e0 Bouak\u00e9.<\/p>\n<p><a href=\"https:\/\/www.pressecotedivoire.ci\/titrologie\" target=\"_blank\">https:\/\/www.pressecotedivoire.ci\/titrologie<\/a><\/p>\n","protected":false},"excerpt":{"rendered":"<p>Dans cet entretien exclusif accord\u00e9 \u00e0 L\u2019Intelligent d\u2019Abidjan, il \u00e9voque avec \u00e9motion et franchise leurs ann\u00e9es d\u2019amiti\u00e9, leurs combats communs et les enseignements tir\u00e9s de cette relation hors du commun. Entre anecdotes estudiantines, r\u00e9flexions sur la politique et la spiritualit\u00e9, Sidiki Konat\u00e9 nous livre un t\u00e9moignage poignant et inspirant. Interview \u00e0 d\u00e9couvrir dans vos kiosques [&hellip;]<\/p>\n","protected":false},"author":4,"featured_media":37300,"comment_status":"closed","ping_status":"closed","sticky":false,"template":"","format":"standard","meta":{"_monsterinsights_skip_tracking":false,"_monsterinsights_sitenote_active":false,"_monsterinsights_sitenote_note":"","_monsterinsights_sitenote_category":0,"footnotes":""},"categories":[2,3],"tags":[],"class_list":["post-37299","post","type-post","status-publish","format-standard","has-post-thumbnail","hentry","category-featured","category-societe"],"_links":{"self":[{"href":"https:\/\/www.lintelligentdabidjan.info\/news\/wp-json\/wp\/v2\/posts\/37299","targetHints":{"allow":["GET"]}}],"collection":[{"href":"https:\/\/www.lintelligentdabidjan.info\/news\/wp-json\/wp\/v2\/posts"}],"about":[{"href":"https:\/\/www.lintelligentdabidjan.info\/news\/wp-json\/wp\/v2\/types\/post"}],"author":[{"embeddable":true,"href":"https:\/\/www.lintelligentdabidjan.info\/news\/wp-json\/wp\/v2\/users\/4"}],"replies":[{"embeddable":true,"href":"https:\/\/www.lintelligentdabidjan.info\/news\/wp-json\/wp\/v2\/comments?post=37299"}],"version-history":[{"count":1,"href":"https:\/\/www.lintelligentdabidjan.info\/news\/wp-json\/wp\/v2\/posts\/37299\/revisions"}],"predecessor-version":[{"id":37301,"href":"https:\/\/www.lintelligentdabidjan.info\/news\/wp-json\/wp\/v2\/posts\/37299\/revisions\/37301"}],"wp:featuredmedia":[{"embeddable":true,"href":"https:\/\/www.lintelligentdabidjan.info\/news\/wp-json\/wp\/v2\/media\/37300"}],"wp:attachment":[{"href":"https:\/\/www.lintelligentdabidjan.info\/news\/wp-json\/wp\/v2\/media?parent=37299"}],"wp:term":[{"taxonomy":"category","embeddable":true,"href":"https:\/\/www.lintelligentdabidjan.info\/news\/wp-json\/wp\/v2\/categories?post=37299"},{"taxonomy":"post_tag","embeddable":true,"href":"https:\/\/www.lintelligentdabidjan.info\/news\/wp-json\/wp\/v2\/tags?post=37299"}],"curies":[{"name":"wp","href":"https:\/\/api.w.org\/{rel}","templated":true}]}}