{"id":37308,"date":"2025-03-17T04:50:11","date_gmt":"2025-03-17T03:50:11","guid":{"rendered":"https:\/\/www.lintelligentdabidjan.info\/news\/?p=37308"},"modified":"2025-03-17T04:50:15","modified_gmt":"2025-03-17T03:50:15","slug":"sante-adje-silas-metch-dote-ahouanou-dune-ambulance-neuve-medicalisee","status":"publish","type":"post","link":"https:\/\/www.lintelligentdabidjan.info\/news\/sante-adje-silas-metch-dote-ahouanou-dune-ambulance-neuve-medicalisee\/","title":{"rendered":"Sant\u00e9 &#8211; Adj\u00e9 Silas Metch  dote Ahouanou  d&#8217;une ambulance neuve m\u00e9dicalis\u00e9e"},"content":{"rendered":"<p><em><strong>Le ministre d\u00e9l\u00e9gu\u00e9 aupr\u00e8s du Premier ministre charg\u00e9 des Sports et du Cadre de vie, Adj\u00e9 Silas Metch a proc\u00e9d\u00e9 \u00e0 la remise officielle d\u2019une ambulance m\u00e9dicalis\u00e9e aux responsables sanitaires de la ville d\u2019Ahouanou, d\u00e9partement de Grand-Lahou, le vendredi 14 mars 2025.<\/strong><\/em><\/p>\n<p>La r\u00e9ception de ce v\u00e9hicule neuf a \u00e9t\u00e9 f\u00eat\u00e9 par les populations qui en avaient grandement besoin.  Lors de son intervention, le ministre d\u00e9l\u00e9gu\u00e9 aupr\u00e8s du Premier ministre charg\u00e9 des Sports et du Cadre de vie, Adj\u00e9 Silas Metch a salu\u00e9 la r\u00e9silience de cette zone de Grand-Lahou qui avait n\u00e9cessairement besoin d&#8217;une ambulance m\u00e9dicalis\u00e9e. \u00ab Le Pr\u00e9sident de la R\u00e9publique SEM Alassane Ouattara, m\u2019envoie vous remettre cette ambulance. Vous avez longtemps pri\u00e9. Aujourd\u2019hui c\u2019est une r\u00e9alit\u00e9. Ahouanou a enfin son ambulance. Fini le temps, o\u00f9 les fils et filles d\u2019Ahouanou, perdaient la vie par manque de v\u00e9hicule adapt\u00e9 pour leurs \u00e9vacuations de toute urgence \u00e0 l\u2019h\u00f4pital \u00bb, a d\u00e9clar\u00e9  Adj\u00e9 Silas Metch face aux populations d\u2019Ahouanou.<br \/>\nPr\u00e9sent \u00e0 cette c\u00e9r\u00e9monie, Ya\u00ef N\u2019guessan Alfred, directeur de cabinet  et proche collaborateur du ministre Adj\u00e9 Silas Metch, a traduit sa gratitude  \u00e0 ce dernier pour son geste  qu\u2019il a fait \u00e0 ses fr\u00e8res et s\u0153urs. \u00ab C\u2019est un moment qui va marquer la ville d\u2019Ahouanou. Je remercie le Pr\u00e9sident de la R\u00e9publique, SEM Alassane Ouattara et le ministre Adj\u00e9 Silas Metch pour ce don. Ahouanou ne vous oubliera jamais \u00bb, a-t-il dit avec beaucoup d\u2019\u00e9motions.<\/p>\n<p>Gr\u00e2ce \u00e0 cette ambulance neuve, \u00e9quip\u00e9e de mat\u00e9riels de derni\u00e8re g\u00e9n\u00e9ration, Ahouanou emprunte le chemin du d\u00e9veloppement et de la modernit\u00e9. Mais surtout cette ambulance rapproche les services m\u00e9dicaux aupr\u00e8s des populations.<\/p>\n<p><strong>Mamadou Ouattara avec A. Traor\u00e9 ( Sercom)<\/strong><\/p>\n","protected":false},"excerpt":{"rendered":"<p>Le ministre d\u00e9l\u00e9gu\u00e9 aupr\u00e8s du Premier ministre charg\u00e9 des Sports et du Cadre de vie, Adj\u00e9 Silas Metch a proc\u00e9d\u00e9 \u00e0 la remise officielle d\u2019une ambulance m\u00e9dicalis\u00e9e aux responsables sanitaires de la ville d\u2019Ahouanou, d\u00e9partement de Grand-Lahou, le vendredi 14 mars 2025. La r\u00e9ception de ce v\u00e9hicule neuf a \u00e9t\u00e9 f\u00eat\u00e9 par les populations qui [&hellip;]<\/p>\n","protected":false},"author":4,"featured_media":37309,"comment_status":"closed","ping_status":"closed","sticky":false,"template":"","format":"standard","meta":{"_monsterinsights_skip_tracking":false,"_monsterinsights_sitenote_active":false,"_monsterinsights_sitenote_note":"","_monsterinsights_sitenote_category":0,"footnotes":""},"categories":[2,3],"tags":[4768,4769,600,4770,495],"class_list":["post-37308","post","type-post","status-publish","format-standard","has-post-thumbnail","hentry","category-featured","category-societe","tag-adje-silas-metch","tag-ahouanou","tag-ambulance","tag-medicalisee","tag-sante"],"_links":{"self":[{"href":"https:\/\/www.lintelligentdabidjan.info\/news\/wp-json\/wp\/v2\/posts\/37308","targetHints":{"allow":["GET"]}}],"collection":[{"href":"https:\/\/www.lintelligentdabidjan.info\/news\/wp-json\/wp\/v2\/posts"}],"about":[{"href":"https:\/\/www.lintelligentdabidjan.info\/news\/wp-json\/wp\/v2\/types\/post"}],"author":[{"embeddable":true,"href":"https:\/\/www.lintelligentdabidjan.info\/news\/wp-json\/wp\/v2\/users\/4"}],"replies":[{"embeddable":true,"href":"https:\/\/www.lintelligentdabidjan.info\/news\/wp-json\/wp\/v2\/comments?post=37308"}],"version-history":[{"count":1,"href":"https:\/\/www.lintelligentdabidjan.info\/news\/wp-json\/wp\/v2\/posts\/37308\/revisions"}],"predecessor-version":[{"id":37310,"href":"https:\/\/www.lintelligentdabidjan.info\/news\/wp-json\/wp\/v2\/posts\/37308\/revisions\/37310"}],"wp:featuredmedia":[{"embeddable":true,"href":"https:\/\/www.lintelligentdabidjan.info\/news\/wp-json\/wp\/v2\/media\/37309"}],"wp:attachment":[{"href":"https:\/\/www.lintelligentdabidjan.info\/news\/wp-json\/wp\/v2\/media?parent=37308"}],"wp:term":[{"taxonomy":"category","embeddable":true,"href":"https:\/\/www.lintelligentdabidjan.info\/news\/wp-json\/wp\/v2\/categories?post=37308"},{"taxonomy":"post_tag","embeddable":true,"href":"https:\/\/www.lintelligentdabidjan.info\/news\/wp-json\/wp\/v2\/tags?post=37308"}],"curies":[{"name":"wp","href":"https:\/\/api.w.org\/{rel}","templated":true}]}}