{"id":37311,"date":"2025-03-17T04:53:50","date_gmt":"2025-03-17T03:53:50","guid":{"rendered":"https:\/\/www.lintelligentdabidjan.info\/news\/?p=37311"},"modified":"2025-03-17T04:53:55","modified_gmt":"2025-03-17T03:53:55","slug":"tai-les-fonctionnaires-instruits-sur-le-nouveau-statut-general-de-la-fonction-publique","status":"publish","type":"post","link":"https:\/\/www.lintelligentdabidjan.info\/news\/tai-les-fonctionnaires-instruits-sur-le-nouveau-statut-general-de-la-fonction-publique\/","title":{"rendered":"Ta\u00ef-   Les fonctionnaires instruits sur le  nouveau statut g\u00e9n\u00e9ral de la Fonction publique."},"content":{"rendered":"<p><em><strong>Le directeur r\u00e9gional de la Fonction publique du Cavally a organis\u00e9 une s\u00e9ance de formation \u00e0 l\u2019intention des fonctionnaires du d\u00e9partement de Ta\u00ef sur leurs droits et obligations. Cette session s\u2019est tenue le vendredi 14 mars 2025 sur l\u2019esplanade de la pr\u00e9fecture de Ta\u00ef, en pr\u00e9sence du secr\u00e9taire g\u00e9n\u00e9ral de la pr\u00e9fecture, Lansana M\u00e9it\u00e9, repr\u00e9sentant le pr\u00e9fet du d\u00e9partement, Mamadou Bakayoko, ainsi que des directeurs et chefs de services publics et parapublics.<\/strong><\/em><\/p>\n<p>Cette formation, initi\u00e9e \u00e0 Ta\u00ef, s\u2019\u00e9tendra aux autres d\u00e9partements de la r\u00e9gion et a rassembl\u00e9 plusieurs corps de m\u00e9tiers, notamment l\u2019enseignement, le corps m\u00e9dical, les forces de d\u00e9fense et de s\u00e9curit\u00e9, entre autres. Ces participants ont pris part \u00e0 cette formation afin de mieux s\u2019impr\u00e9gner du nouveau statut g\u00e9n\u00e9ral de la Fonction publique.<\/p>\n<p>Selon le formateur, Dj\u00e9 Bi Mointi Bernard, directeur r\u00e9gional de la Fonction publique du Cavally, ce nouveau statut accorde davantage de privil\u00e8ges aux fonctionnaires. Parmi les principales innovations, le cong\u00e9 de maternit\u00e9, auparavant fix\u00e9 \u00e0 14 semaines, est d\u00e9sormais port\u00e9 \u00e0 26 semaines, tandis que le cong\u00e9 de paternit\u00e9 s\u2019\u00e9tablit \u00e0 30 jours, soit un mois.<\/p>\n<p>Il a pr\u00e9cis\u00e9 que les corps arm\u00e9s sont \u00e9galement des fonctionnaires, mais leur statut diff\u00e8re de celui de la Fonction publique.<\/p>\n<p>\u00ab Nous sommes ici pour expliquer aux fonctionnaires de l&#8217;\u00c9tat le statut g\u00e9n\u00e9ral de la Fonction publique et en faire la promotion afin que chacun connaisse ses droits et obligations, une pr\u00e9occupation majeure de la ministre d&#8217;\u00c9tat, ministre de la Fonction publique et de la Modernisation de l&#8217;administration, Anne D\u00e9sir\u00e9e Ouloto. Le constat actuel dans les administrations publiques r\u00e9v\u00e8le que de nombreux agents ignorent l\u2019importance de laisser une trace avant de s\u2019absenter, une attitude que nous d\u00e9plorons. Nous souhaitons donc apporter des \u00e9claircissements sur certains points afin que chaque fonctionnaire assume pleinement ses responsabilit\u00e9s dans l\u2019exercice de ses fonctions.<\/p>\n<p>Madame la ministre d\u2019\u00c9tat tient \u00e0 ce que le service public soit rendu avec efficacit\u00e9 et professionnalisme, avec pour objectif principal la satisfaction des usagers. J\u2019invite donc tous les fonctionnaires \u00e0 adopter un comportement en ad\u00e9quation avec ce statut, car il doit impacter positivement nos attitudes au travail. Comprendre notre r\u00f4le est essentiel pour concr\u00e9tiser la vision de l\u2019\u00c9tat en faveur d\u2019une C\u00f4te d\u2019Ivoire moderne \u00bb, a expliqu\u00e9 Dj\u00e9 Bi Mointi Bernard.<\/p>\n<p><strong>Konhon Dominique <\/strong><\/p>\n","protected":false},"excerpt":{"rendered":"<p>Le directeur r\u00e9gional de la Fonction publique du Cavally a organis\u00e9 une s\u00e9ance de formation \u00e0 l\u2019intention des fonctionnaires du d\u00e9partement de Ta\u00ef sur leurs droits et obligations. Cette session s\u2019est tenue le vendredi 14 mars 2025 sur l\u2019esplanade de la pr\u00e9fecture de Ta\u00ef, en pr\u00e9sence du secr\u00e9taire g\u00e9n\u00e9ral de la pr\u00e9fecture, Lansana M\u00e9it\u00e9, repr\u00e9sentant [&hellip;]<\/p>\n","protected":false},"author":4,"featured_media":37312,"comment_status":"closed","ping_status":"closed","sticky":false,"template":"","format":"standard","meta":{"_monsterinsights_skip_tracking":false,"_monsterinsights_sitenote_active":false,"_monsterinsights_sitenote_note":"","_monsterinsights_sitenote_category":0,"footnotes":""},"categories":[2,3],"tags":[1020,1540,3891],"class_list":["post-37311","post","type-post","status-publish","format-standard","has-post-thumbnail","hentry","category-featured","category-societe","tag-fonction-publique","tag-fonctionnaires","tag-tai"],"_links":{"self":[{"href":"https:\/\/www.lintelligentdabidjan.info\/news\/wp-json\/wp\/v2\/posts\/37311","targetHints":{"allow":["GET"]}}],"collection":[{"href":"https:\/\/www.lintelligentdabidjan.info\/news\/wp-json\/wp\/v2\/posts"}],"about":[{"href":"https:\/\/www.lintelligentdabidjan.info\/news\/wp-json\/wp\/v2\/types\/post"}],"author":[{"embeddable":true,"href":"https:\/\/www.lintelligentdabidjan.info\/news\/wp-json\/wp\/v2\/users\/4"}],"replies":[{"embeddable":true,"href":"https:\/\/www.lintelligentdabidjan.info\/news\/wp-json\/wp\/v2\/comments?post=37311"}],"version-history":[{"count":1,"href":"https:\/\/www.lintelligentdabidjan.info\/news\/wp-json\/wp\/v2\/posts\/37311\/revisions"}],"predecessor-version":[{"id":37313,"href":"https:\/\/www.lintelligentdabidjan.info\/news\/wp-json\/wp\/v2\/posts\/37311\/revisions\/37313"}],"wp:featuredmedia":[{"embeddable":true,"href":"https:\/\/www.lintelligentdabidjan.info\/news\/wp-json\/wp\/v2\/media\/37312"}],"wp:attachment":[{"href":"https:\/\/www.lintelligentdabidjan.info\/news\/wp-json\/wp\/v2\/media?parent=37311"}],"wp:term":[{"taxonomy":"category","embeddable":true,"href":"https:\/\/www.lintelligentdabidjan.info\/news\/wp-json\/wp\/v2\/categories?post=37311"},{"taxonomy":"post_tag","embeddable":true,"href":"https:\/\/www.lintelligentdabidjan.info\/news\/wp-json\/wp\/v2\/tags?post=37311"}],"curies":[{"name":"wp","href":"https:\/\/api.w.org\/{rel}","templated":true}]}}