{"id":37314,"date":"2025-03-17T04:58:30","date_gmt":"2025-03-17T03:58:30","guid":{"rendered":"https:\/\/www.lintelligentdabidjan.info\/news\/?p=37314"},"modified":"2025-03-17T04:58:48","modified_gmt":"2025-03-17T03:58:48","slug":"celebration-de-la-jif-a-loviguie-un-appel-a-des-elections-apaisees-en-2025-lance","status":"publish","type":"post","link":"https:\/\/www.lintelligentdabidjan.info\/news\/celebration-de-la-jif-a-loviguie-un-appel-a-des-elections-apaisees-en-2025-lance\/","title":{"rendered":"C\u00e9l\u00e9bration de  la JIF \u00e0 Lovigui\u00e9- Un appel \u00e0 des \u00e9lections apais\u00e9es en 2025 lanc\u00e9"},"content":{"rendered":"<p><em><strong>\u00c0 l\u2019initiative de l\u2019Amicale des institutrices du secteur Lovigui\u00e9 (AMISLOV), la Journ\u00e9e internationale  de la femme (JIF) a \u00e9t\u00e9 c\u00e9l\u00e9br\u00e9e le samedi 15 mars 2025 \u00e0 la sous-pr\u00e9fecture de Lovigui\u00e9, situ\u00e9e \u00e0 une trentaine de kilom\u00e8tres d\u2019Agboville, sous le th\u00e8me : \u00ab Le r\u00f4le de la femme dans la promotion du civisme et de la tol\u00e9rance en cette ann\u00e9e \u00e9lectorale \u00bb.<\/strong><\/em><\/p>\n<p>Selon la pr\u00e9sidente de l\u2019AMISLOV, Diahi Sylvie Jocelyne, cette c\u00e9r\u00e9monie marquait l\u2019apoth\u00e9ose des festivit\u00e9s organis\u00e9es dans le cadre de la JIDF \u00e0 Lovigui\u00e9. Elle a pr\u00e9cis\u00e9 que les activit\u00e9s, d\u00e9but\u00e9es le 8 mars, avaient inclus une rencontre de football entre institutrices et femmes du village, des s\u00e9ances de sensibilisation et une tombola. Elle a soulign\u00e9 que les actions men\u00e9es par l\u2019amicale visaient \u00e0 renforcer la coh\u00e9sion et l\u2019entente entre les institutrices et les femmes de la sous-pr\u00e9fecture.<\/p>\n<p>De son c\u00f4t\u00e9, le sous-pr\u00e9fet de Lovigui\u00e9, Aim\u00e9e Sara Fah\u00e9 Gu\u00e9abl\u00e9, a mis en avant le r\u00f4le fondamental des femmes dans la transmission des valeurs de civisme et de tol\u00e9rance. Elle a rappel\u00e9 qu\u2019en tant que m\u00e8res, s\u0153urs et enseignantes, elles jouaient un r\u00f4le essentiel dans l\u2019\u00e9ducation au respect, \u00e0 la discipline et \u00e0 la solidarit\u00e9, que ce soit \u00e0 la maison, \u00e0 l\u2019\u00e9cole ou dans la communaut\u00e9. Elle a exhort\u00e9 les participantes \u00e0 s\u2019engager activement dans la sensibilisation, en particulier dans le contexte \u00e9lectoral actuel.<\/p>\n<p>L\u2019autorit\u00e9 pr\u00e9fectorale a \u00e9galement insist\u00e9 sur la n\u00e9cessit\u00e9 pour les femmes, qu\u2019elles soient institutrices, rurales ou membres d\u2019associations, de travailler ensemble pour promouvoir ces valeurs. Elle a encourag\u00e9 les participantes \u00e0 d\u00e9velopper un esprit de solidarit\u00e9 et \u00e0 \u00eatre des ambassadrices du civisme et de la tol\u00e9rance.<\/p>\n<p>Le directeur de cabinet du minist\u00e8re de la Sant\u00e9, de l\u2019Hygi\u00e8ne publique et de la Couverture maladie universelle, Dr Aka Charles Koffi, parrain de la c\u00e9r\u00e9monie, a pour sa part salu\u00e9 l\u2019initiative de l\u2019AMISLOV. Il a expliqu\u00e9 qu\u2019il avait accept\u00e9 sans h\u00e9siter de soutenir l\u2019association, estimant qu\u2019il \u00e9tait important d\u2019encourager de telles initiatives, surtout compte tenu de la pertinence du th\u00e8me abord\u00e9. Il a soulign\u00e9 que les notions de paix, de coh\u00e9sion et de pardon \u00e9taient essentielles et port\u00e9es par les autorit\u00e9s, notamment le ministre Pierre Dimba et le pr\u00e9sident Alassane Ouattara.<\/p>\n<p>Revenant sur le contexte \u00e9lectoral, Dr Aka Charles Koffi a insist\u00e9 sur l\u2019importance de pr\u00e9server un climat de paix avant, pendant et apr\u00e8s l\u2019\u00e9lection pr\u00e9sidentielle du 25 octobre 2025. Il a expliqu\u00e9 qu\u2019une \u00e9lection n\u2019\u00e9tait qu\u2019un processus permettant de choisir un dirigeant pour une p\u00e9riode donn\u00e9e et qu\u2019il \u00e9tait donc inutile de se laisser emporter par des tensions. Il a appel\u00e9 les habitants de Lovigui\u00e9 \u00e0 faire preuve de tol\u00e9rance et de civisme, rappelant que la C\u00f4te d\u2019Ivoire \u00e9tait un bien commun \u00e0 pr\u00e9server. Il a mis en garde contre les discours de division et invit\u00e9 chacun \u00e0 respecter le processus \u00e9lectoral et \u00e0 soutenir le futur \u00e9lu pour poursuivre le d\u00e9veloppement du pays.  &#8220;Allons \u00e0 ces \u00e9lections dans le calme et que celui qui sera \u00e9lu, nous nous mettions derri\u00e8re lui pour poursuivre le d\u00e9veloppement de la C\u00f4te d\u2019Ivoire impuls\u00e9 par le pr\u00e9sident Alassane Ouattara depuis plus d\u2019une d\u00e9cennie \u00bb, a t-il conseill\u00e9. <\/p>\n<p>Pour rappel, la c\u00e9l\u00e9bration officielle de la 48\u1d49 \u00e9dition de la Journ\u00e9e internationale des droits de la femme en C\u00f4te d\u2019Ivoire s\u2019\u00e9tait tenue le 8 mars dernier \u00e0 Dimbokro, en pr\u00e9sence de la Premi\u00e8re dame Dominique Ouattara, autour du th\u00e8me : \u00ab Droits de la femme en C\u00f4te d\u2019Ivoire, 30 ans apr\u00e8s Beijing : r\u00e9alisations et strat\u00e9gies pour l\u2019avenir \u00bb.<\/p>\n<p><strong>Tour\u00e9 Abdoulaye avec A Traor\u00e9 (sercom) <\/strong><\/p>\n","protected":false},"excerpt":{"rendered":"<p>\u00c0 l\u2019initiative de l\u2019Amicale des institutrices du secteur Lovigui\u00e9 (AMISLOV), la Journ\u00e9e internationale de la femme (JIF) a \u00e9t\u00e9 c\u00e9l\u00e9br\u00e9e le samedi 15 mars 2025 \u00e0 la sous-pr\u00e9fecture de Lovigui\u00e9, situ\u00e9e \u00e0 une trentaine de kilom\u00e8tres d\u2019Agboville, sous le th\u00e8me : \u00ab Le r\u00f4le de la femme dans la promotion du civisme et de la [&hellip;]<\/p>\n","protected":false},"author":4,"featured_media":37315,"comment_status":"closed","ping_status":"closed","sticky":false,"template":"","format":"standard","meta":{"_monsterinsights_skip_tracking":false,"_monsterinsights_sitenote_active":false,"_monsterinsights_sitenote_note":"","_monsterinsights_sitenote_category":0,"footnotes":""},"categories":[2,3],"tags":[4771,646,4772,4773],"class_list":["post-37314","post","type-post","status-publish","format-standard","has-post-thumbnail","hentry","category-featured","category-societe","tag-celebration-de-la-jif","tag-elections","tag-loviguie","tag-un-appel"],"_links":{"self":[{"href":"https:\/\/www.lintelligentdabidjan.info\/news\/wp-json\/wp\/v2\/posts\/37314","targetHints":{"allow":["GET"]}}],"collection":[{"href":"https:\/\/www.lintelligentdabidjan.info\/news\/wp-json\/wp\/v2\/posts"}],"about":[{"href":"https:\/\/www.lintelligentdabidjan.info\/news\/wp-json\/wp\/v2\/types\/post"}],"author":[{"embeddable":true,"href":"https:\/\/www.lintelligentdabidjan.info\/news\/wp-json\/wp\/v2\/users\/4"}],"replies":[{"embeddable":true,"href":"https:\/\/www.lintelligentdabidjan.info\/news\/wp-json\/wp\/v2\/comments?post=37314"}],"version-history":[{"count":1,"href":"https:\/\/www.lintelligentdabidjan.info\/news\/wp-json\/wp\/v2\/posts\/37314\/revisions"}],"predecessor-version":[{"id":37316,"href":"https:\/\/www.lintelligentdabidjan.info\/news\/wp-json\/wp\/v2\/posts\/37314\/revisions\/37316"}],"wp:featuredmedia":[{"embeddable":true,"href":"https:\/\/www.lintelligentdabidjan.info\/news\/wp-json\/wp\/v2\/media\/37315"}],"wp:attachment":[{"href":"https:\/\/www.lintelligentdabidjan.info\/news\/wp-json\/wp\/v2\/media?parent=37314"}],"wp:term":[{"taxonomy":"category","embeddable":true,"href":"https:\/\/www.lintelligentdabidjan.info\/news\/wp-json\/wp\/v2\/categories?post=37314"},{"taxonomy":"post_tag","embeddable":true,"href":"https:\/\/www.lintelligentdabidjan.info\/news\/wp-json\/wp\/v2\/tags?post=37314"}],"curies":[{"name":"wp","href":"https:\/\/api.w.org\/{rel}","templated":true}]}}