{"id":37330,"date":"2025-03-18T01:39:51","date_gmt":"2025-03-18T00:39:51","guid":{"rendered":"https:\/\/www.lintelligentdabidjan.info\/news\/?p=37330"},"modified":"2025-03-18T01:39:51","modified_gmt":"2025-03-18T00:39:51","slug":"interprofession-de-la-filiere-cafe-cacao-des-producteurs-commercants-et-transformateurs-instruits","status":"publish","type":"post","link":"https:\/\/www.lintelligentdabidjan.info\/news\/interprofession-de-la-filiere-cafe-cacao-des-producteurs-commercants-et-transformateurs-instruits\/","title":{"rendered":"Interprofession de la fili\u00e8re Caf\u00e9-Cacao &#8211;  Des producteurs , commer\u00e7ants   et transformateurs instruits"},"content":{"rendered":"<p><em><strong>Des producteurs , commer\u00e7ants   et transformateurs ont \u00e9t\u00e9 instruits sur la mise en place de l\u2019interprofession de la fili\u00e8re Caf\u00e9-Cacao.<\/strong><\/em><\/p>\n<p>Le  Canaan Hills H\u00f4tel de Yamoussoukro a accueilli un atelier d\u2019information et d\u2019\u00e9changes consacr\u00e9 au processus de cr\u00e9ation de l\u2019Organisation Interprofessionnelle Agricole (OIA) de la fili\u00e8re caf\u00e9-cacao du 10 au 15 mars 2025 . Destin\u00e9 aux producteurs individuels, commer\u00e7ants (acheteurs et exportateurs) et transformateurs du secteur, cet \u00e9v\u00e9nement, selon une note d\u2019information,  visait \u00e0 informer, sensibiliser et recueillir les contributions des acteurs concern\u00e9s.<\/p>\n<p>Initi\u00e9e par le Comit\u00e9 Technique OIA Caf\u00e9-Cacao, charg\u00e9 de superviser ce processus, cette rencontre marquait la deuxi\u00e8me phase du projet. Plus de 365 participants issus des diff\u00e9rents segments de la fili\u00e8re ont pris part aux discussions, qui portaient notamment sur les textes r\u00e9gissant les Organisations Interprofessionnelles Agricoles, les modalit\u00e9s pratiques de mise en place de l\u2019Interprofession du caf\u00e9-cacao, ainsi que la d\u00e9signation des d\u00e9l\u00e9gu\u00e9s et administrateurs au sein des coll\u00e8ges respectifs.<\/p>\n<p>Lors des travaux en groupes, le pr\u00e9sident du Comit\u00e9 Technique OIA Caf\u00e9-Cacao,   KOUASSI Kouakou Andr\u00e9, s\u2019est f\u00e9licit\u00e9 de la qualit\u00e9 des \u00e9changes et de l\u2019engagement des participants. Il a soulign\u00e9 l\u2019importance d\u2019une implication active de tous les acteurs de la cha\u00eene de valeur afin de garantir le succ\u00e8s du processus. Selon lui, la mise en place de cette interprofession constituera un levier essentiel pour am\u00e9liorer les conditions de vie et de travail des acteurs de la fili\u00e8re.<\/p>\n<p>Il a \u00e9galement marqu\u00e9 l\u2019engagement du Comit\u00e9 technique OIA caf\u00e9-cacao \u00e0 \u0153uvrer, de fa\u00e7on transparente avec tous les acteurs de la cha\u00eene, \u00e0 la cr\u00e9ation de l\u2019interprofession de la fili\u00e8re caf\u00e9-cacao : \u00ab Nous sommes ici pour informer et sensibiliser les acteurs sur l\u2019importance de la mise en place de cette interprofession, un outil essentiel. Le Pr\u00e9sident de la R\u00e9publique a pris une ordonnance en 2011 pour instituer cette organisation, que nous consid\u00e9rons comme la plus parfaite des structures regroupant les acteurs d\u2019une m\u00eame cha\u00eene \u00bb, a-t-il indiqu\u00e9.<\/p>\n<p>Les participants, quant \u00e0 eux, ont f\u00e9licit\u00e9 le Comit\u00e9 technique OIA caf\u00e9-cacao pour la bonne tenue de cet atelier qui leur a permis d\u2019avoir des informations d\u00e9taill\u00e9es sur le r\u00f4le de l\u2019interprofession dans la fili\u00e8re caf\u00e9-cacao, ses missions et le processus de sa cr\u00e9ation, avant de marquer leur pleine adh\u00e9sion au processus de mise en place de leurs coll\u00e8ges respectifs. Cet int\u00e9r\u00eat t\u00e9moigne ainsi de leur volont\u00e9 d\u2019\u0153uvrer pour une fili\u00e8re caf\u00e9-cacao prosp\u00e8re et durable : \u00ab Nous sommes tr\u00e8s heureux de cette rencontre qui s\u2019est bien d\u00e9roul\u00e9e, avec un tr\u00e8s bon esprit, et du travail abattu par les diff\u00e9rents intervenants. Nous consid\u00e9rons grandement la t\u00e2che qui est la n\u00f4tre. C\u2019est donc avec beaucoup de joie que je ressors de cet atelier, avec beaucoup de confiance et en \u00e9tant absolument persuad\u00e9e que nous allons aboutir tr\u00e8s rapidement, car le travail est pratiquement achev\u00e9 \u00bb, a indiqu\u00e9 Madame Mariam BEDIE, repr\u00e9sentante du groupement Professionnel des Exportateurs de Caf\u00e9 et Cacao.<\/p>\n<p> Rappelons que la premi\u00e8re phase de ce processus a \u00e9t\u00e9 marqu\u00e9e par la sensibilisation et l\u2019identification des Organisations Professionnelles Agricoles (OPA), ainsi que par la v\u00e9rification de leur niveau de repr\u00e9sentativit\u00e9, suivie de la restitution des r\u00e9sultats.<\/p>\n<p>La prochaine \u00e9tape consistera en la mise en place des coll\u00e8ges des producteurs, des commer\u00e7ants et des transformateurs. Celle-ci aboutira \u00e0 l\u2019organisation de l\u2019Assembl\u00e9e G\u00e9n\u00e9rale Constitutive, qui marquera officiellement la cr\u00e9ation de l\u2019OIA de la fili\u00e8re caf\u00e9-cacao.<\/p>\n<p><strong>Tour\u00e9 Abdoulaye avec A. Traor\u00e9<\/strong><\/p>\n","protected":false},"excerpt":{"rendered":"<p>Des producteurs , commer\u00e7ants et transformateurs ont \u00e9t\u00e9 instruits sur la mise en place de l\u2019interprofession de la fili\u00e8re Caf\u00e9-Cacao. Le Canaan Hills H\u00f4tel de Yamoussoukro a accueilli un atelier d\u2019information et d\u2019\u00e9changes consacr\u00e9 au processus de cr\u00e9ation de l\u2019Organisation Interprofessionnelle Agricole (OIA) de la fili\u00e8re caf\u00e9-cacao du 10 au 15 mars 2025 . Destin\u00e9 [&hellip;]<\/p>\n","protected":false},"author":4,"featured_media":37331,"comment_status":"closed","ping_status":"closed","sticky":false,"template":"","format":"standard","meta":{"_monsterinsights_skip_tracking":false,"_monsterinsights_sitenote_active":false,"_monsterinsights_sitenote_note":"","_monsterinsights_sitenote_category":0,"footnotes":""},"categories":[2,18],"tags":[1477,3126,4777,2791,4778],"class_list":["post-37330","post","type-post","status-publish","format-standard","has-post-thumbnail","hentry","category-featured","category-economie","tag-cafe-cacao","tag-commercants","tag-interprofession-de-la-filiere","tag-producteurs","tag-transformateurs"],"_links":{"self":[{"href":"https:\/\/www.lintelligentdabidjan.info\/news\/wp-json\/wp\/v2\/posts\/37330","targetHints":{"allow":["GET"]}}],"collection":[{"href":"https:\/\/www.lintelligentdabidjan.info\/news\/wp-json\/wp\/v2\/posts"}],"about":[{"href":"https:\/\/www.lintelligentdabidjan.info\/news\/wp-json\/wp\/v2\/types\/post"}],"author":[{"embeddable":true,"href":"https:\/\/www.lintelligentdabidjan.info\/news\/wp-json\/wp\/v2\/users\/4"}],"replies":[{"embeddable":true,"href":"https:\/\/www.lintelligentdabidjan.info\/news\/wp-json\/wp\/v2\/comments?post=37330"}],"version-history":[{"count":1,"href":"https:\/\/www.lintelligentdabidjan.info\/news\/wp-json\/wp\/v2\/posts\/37330\/revisions"}],"predecessor-version":[{"id":37332,"href":"https:\/\/www.lintelligentdabidjan.info\/news\/wp-json\/wp\/v2\/posts\/37330\/revisions\/37332"}],"wp:featuredmedia":[{"embeddable":true,"href":"https:\/\/www.lintelligentdabidjan.info\/news\/wp-json\/wp\/v2\/media\/37331"}],"wp:attachment":[{"href":"https:\/\/www.lintelligentdabidjan.info\/news\/wp-json\/wp\/v2\/media?parent=37330"}],"wp:term":[{"taxonomy":"category","embeddable":true,"href":"https:\/\/www.lintelligentdabidjan.info\/news\/wp-json\/wp\/v2\/categories?post=37330"},{"taxonomy":"post_tag","embeddable":true,"href":"https:\/\/www.lintelligentdabidjan.info\/news\/wp-json\/wp\/v2\/tags?post=37330"}],"curies":[{"name":"wp","href":"https:\/\/api.w.org\/{rel}","templated":true}]}}