{"id":37336,"date":"2025-03-18T01:52:43","date_gmt":"2025-03-18T00:52:43","guid":{"rendered":"https:\/\/www.lintelligentdabidjan.info\/news\/?p=37336"},"modified":"2025-03-18T01:52:55","modified_gmt":"2025-03-18T00:52:55","slug":"securite-routiere-le-rendez-vous-les-jeudis-des-usagers-de-la-route-de-la-me-lance","status":"publish","type":"post","link":"https:\/\/www.lintelligentdabidjan.info\/news\/securite-routiere-le-rendez-vous-les-jeudis-des-usagers-de-la-route-de-la-me-lance\/","title":{"rendered":"S\u00e9curit\u00e9 routi\u00e8re-  Le rendez-vous \u00ab les jeudis des usagers de la route de la M\u00e9 \u00bb lanc\u00e9"},"content":{"rendered":"<p><em><strong>Le Directeur R\u00e9gional des transports de la M\u00e9,  Zigui Gnol\u00e9ba Lucien et son \u00e9quipe, avec l\u2019appui des forces de l\u2019ordre, ont lanc\u00e9 \u00ab les jeudis des usagers de la route de la M\u00e9 \u00bb le  jeudi 13 mars 2025 sur l\u2019art\u00e8re principale d\u2019Adzop\u00e9, avec pour slogan, \u00ab Le port du casque de moto, notre combat \u00e0 Adzop\u00e9 \u00bb.<\/strong><\/em><\/p>\n<p>Cette journ\u00e9e, d\u00e9di\u00e9e aux usagers, se veut un cadre d\u2019\u00e9change et de sensibilisation hebdomadaire, de lutte contre l\u2019incivisme routier dans la r\u00e9gion de la M\u00e9.   Pour ce lancement, les conducteurs de motocycliste sont la cible privil\u00e9gi\u00e9e dans le but de les inviter \u00e0 porter obligatoirement et syst\u00e9matiquement les casques pour leur propre s\u00e9curit\u00e9 quand ils se d\u00e9placent \u00e0 moto. \u00ab Le port du casque de moto est obligatoire, et doit \u00eatre un r\u00e9flexe lorsque vous \u00eates en circulation sur nos routes. Vous ne portez pas ces casques pour faire plaisir aux forces de l\u2019ordre, mais nous vous l\u2019exigeons pour votre propre s\u00e9curit\u00e9 \u00bb,  a t-il pr\u00e9cis\u00e9.<\/p>\n<p>Les motocyclistes exemplaires ont \u00e9t\u00e9 f\u00e9licit\u00e9s par le Directeur r\u00e9gional des transports et ont re\u00e7u des tee-shirts et calendriers. \u00ab Nous serons vos relais de sensibilisation dans nos quartiers \u00bb, a dit  Kon\u00e9 Soualio, un heureux b\u00e9n\u00e9ficiaire. Le collaborateur du ministre des Transports, Amadou Kon\u00e9, et ses agents, ont rappel\u00e9 aux usagers sensibilis\u00e9s que selon les statiques, les motocyclistes sont impliqu\u00e9s dans environ 70 % des accidents de la route et que 60 % des tu\u00e9s sont les usagers des motos et bicyclettes sans oublier les pi\u00e9tons. \u00ab Les jeudis des usagers de la route de la M\u00e9 \u00bb s\u2019inscrivent dans le cadre de la politique nationale de sensibilisation sur la s\u00e9curit\u00e9 routi\u00e8re. Cette tribune hebdomadaire vise \u00e0 \u00eatre dans le quotidien des usagers de la route et \u00e0 sillonner les d\u00e9partements et villages de la M\u00e9 pour sensibiliser les populations.<\/p>\n<p><strong>Olivier Dion avec Sercom<\/strong><\/p>\n","protected":false},"excerpt":{"rendered":"<p>Le Directeur R\u00e9gional des transports de la M\u00e9, Zigui Gnol\u00e9ba Lucien et son \u00e9quipe, avec l\u2019appui des forces de l\u2019ordre, ont lanc\u00e9 \u00ab les jeudis des usagers de la route de la M\u00e9 \u00bb le jeudi 13 mars 2025 sur l\u2019art\u00e8re principale d\u2019Adzop\u00e9, avec pour slogan, \u00ab Le port du casque de moto, notre combat [&hellip;]<\/p>\n","protected":false},"author":4,"featured_media":37337,"comment_status":"closed","ping_status":"closed","sticky":false,"template":"","format":"standard","meta":{"_monsterinsights_skip_tracking":false,"_monsterinsights_sitenote_active":false,"_monsterinsights_sitenote_note":"","_monsterinsights_sitenote_category":0,"footnotes":""},"categories":[2,3],"tags":[4781,1974,4780],"class_list":["post-37336","post","type-post","status-publish","format-standard","has-post-thumbnail","hentry","category-featured","category-societe","tag-route-de-la-me","tag-securite-routiere","tag-usagers"],"_links":{"self":[{"href":"https:\/\/www.lintelligentdabidjan.info\/news\/wp-json\/wp\/v2\/posts\/37336","targetHints":{"allow":["GET"]}}],"collection":[{"href":"https:\/\/www.lintelligentdabidjan.info\/news\/wp-json\/wp\/v2\/posts"}],"about":[{"href":"https:\/\/www.lintelligentdabidjan.info\/news\/wp-json\/wp\/v2\/types\/post"}],"author":[{"embeddable":true,"href":"https:\/\/www.lintelligentdabidjan.info\/news\/wp-json\/wp\/v2\/users\/4"}],"replies":[{"embeddable":true,"href":"https:\/\/www.lintelligentdabidjan.info\/news\/wp-json\/wp\/v2\/comments?post=37336"}],"version-history":[{"count":1,"href":"https:\/\/www.lintelligentdabidjan.info\/news\/wp-json\/wp\/v2\/posts\/37336\/revisions"}],"predecessor-version":[{"id":37338,"href":"https:\/\/www.lintelligentdabidjan.info\/news\/wp-json\/wp\/v2\/posts\/37336\/revisions\/37338"}],"wp:featuredmedia":[{"embeddable":true,"href":"https:\/\/www.lintelligentdabidjan.info\/news\/wp-json\/wp\/v2\/media\/37337"}],"wp:attachment":[{"href":"https:\/\/www.lintelligentdabidjan.info\/news\/wp-json\/wp\/v2\/media?parent=37336"}],"wp:term":[{"taxonomy":"category","embeddable":true,"href":"https:\/\/www.lintelligentdabidjan.info\/news\/wp-json\/wp\/v2\/categories?post=37336"},{"taxonomy":"post_tag","embeddable":true,"href":"https:\/\/www.lintelligentdabidjan.info\/news\/wp-json\/wp\/v2\/tags?post=37336"}],"curies":[{"name":"wp","href":"https:\/\/api.w.org\/{rel}","templated":true}]}}