{"id":37345,"date":"2025-03-19T04:08:49","date_gmt":"2025-03-19T03:08:49","guid":{"rendered":"https:\/\/www.lintelligentdabidjan.info\/news\/?p=37345"},"modified":"2025-03-19T04:08:49","modified_gmt":"2025-03-19T03:08:49","slug":"education-presentation-du-partenariat-entre-emmaus-international-university-et-un-institut-canadien","status":"publish","type":"post","link":"https:\/\/www.lintelligentdabidjan.info\/news\/education-presentation-du-partenariat-entre-emmaus-international-university-et-un-institut-canadien\/","title":{"rendered":"\u00c9ducation- Pr\u00e9sentation du partenariat entre Emmaus International University et un institut canadien"},"content":{"rendered":"<p><em><strong>Emmaus International University a proc\u00e9d\u00e9, le mardi 18 mars 2025, \u00e0 la pr\u00e9sentation d\u2019un partenariat avec le City Institute of Higher Learning du Canada. Cette c\u00e9r\u00e9monie s\u2019est tenue au sein de l\u2019Emmaus International University, situ\u00e9e \u00e0 Abidjan-Marcory.<\/strong><\/em><\/p>\n<p>Selon les organisateurs, ce partenariat vise \u00e0 cr\u00e9er un p\u00f4le d&#8217;excellence acad\u00e9mique \u00e0 Abidjan. Il a pour objectif de rendre une formation canadienne accessible en Afrique, tout en maintenant les normes \u00e9lev\u00e9es qui font la r\u00e9putation de l&#8217;\u00e9ducation nord-am\u00e9ricaine. \u00ab Nos formations sont con\u00e7ues pour r\u00e9pondre aux besoins des entreprises et des organisations internationales. Nous mettons l&#8217;accent sur des comp\u00e9tences pratiques et des approches p\u00e9dagogiques innovantes, afin que nos dipl\u00f4m\u00e9s soient imm\u00e9diatement op\u00e9rationnels sur le march\u00e9 du travail \u00bb, a indiqu\u00e9 Djafer Amina, coordinatrice du partenariat au City Institute of Higher Learning, fruit de ce partenariat.<\/p>\n<p>Pour sa part, S\u00e9ripka Gnadja, secr\u00e9taire g\u00e9n\u00e9rale adjointe d&#8217;Emmaus International University et vice-pr\u00e9sidente du City Institute of Higher Learning (City-IHL) \u00e0 Abidjan, a pr\u00e9cis\u00e9 la vision de cette universit\u00e9 :<\/p>\n<p>\u00ab L&#8217;\u00e9ducation est un puissant levier de transformation, et notre ambition est claire : offrir aux \u00e9tudiants ivoiriens et africains un acc\u00e8s direct \u00e0 une formation canadienne de haut niveau, reconnue internationalement. Gr\u00e2ce \u00e0 ce projet, nous ouvrons les portes d&#8217;un savoir mondialis\u00e9, accessible ici m\u00eame, en C\u00f4te d&#8217;Ivoire. Notre pr\u00e9sence \u00e0 Abidjan s&#8217;inscrit dans une volont\u00e9 forte de permettre aux talents locaux de se former sans avoir \u00e0 quitter leur pays, tout en b\u00e9n\u00e9ficiant d&#8217;un dipl\u00f4me d\u00e9livr\u00e9 au Canada, ouvrant ainsi des perspectives professionnelles \u00e0 l&#8217;\u00e9chelle mondiale. Aujourd&#8217;hui, nous posons ensemble les fondations d&#8217;une institution qui ambitionne de former les dirigeants de demain, de favoriser l&#8217;innovation et de b\u00e2tir des ponts entre le Canada et l&#8217;Afrique \u00bb, a-t-il ajout\u00e9 avant de conclure : \u00ab C&#8217;est avec une immense fiert\u00e9 et un profond enthousiasme que nous vous annon\u00e7ons aujourd&#8217;hui l&#8217;ouverture officielle du City Institute of Higher Learning (City-IHL) \u00e0 Abidjan. \u00bb<\/p>\n<p>Cet institut canadien d&#8217;enseignement sup\u00e9rieur met l&#8217;accent sur une formation acad\u00e9mique rigoureuse, adapt\u00e9e aux r\u00e9alit\u00e9s du march\u00e9 mondial. Il est ouvert aux nouveaux bacheliers, aux \u00e9tudiants, ainsi qu&#8217;aux cadres d&#8217;entreprises pour la validation de leurs acquis professionnels.<\/p>\n<p><strong>Mamadou Ouattara avec G\u00e9rard Batoua<\/strong><\/p>\n","protected":false},"excerpt":{"rendered":"<p>Emmaus International University a proc\u00e9d\u00e9, le mardi 18 mars 2025, \u00e0 la pr\u00e9sentation d\u2019un partenariat avec le City Institute of Higher Learning du Canada. Cette c\u00e9r\u00e9monie s\u2019est tenue au sein de l\u2019Emmaus International University, situ\u00e9e \u00e0 Abidjan-Marcory. Selon les organisateurs, ce partenariat vise \u00e0 cr\u00e9er un p\u00f4le d&#8217;excellence acad\u00e9mique \u00e0 Abidjan. Il a pour objectif [&hellip;]<\/p>\n","protected":false},"author":4,"featured_media":37346,"comment_status":"closed","ping_status":"closed","sticky":false,"template":"","format":"standard","meta":{"_monsterinsights_skip_tracking":false,"_monsterinsights_sitenote_active":false,"_monsterinsights_sitenote_note":"","_monsterinsights_sitenote_category":0,"footnotes":""},"categories":[2,18,3],"tags":[],"class_list":["post-37345","post","type-post","status-publish","format-standard","has-post-thumbnail","hentry","category-featured","category-economie","category-societe"],"_links":{"self":[{"href":"https:\/\/www.lintelligentdabidjan.info\/news\/wp-json\/wp\/v2\/posts\/37345","targetHints":{"allow":["GET"]}}],"collection":[{"href":"https:\/\/www.lintelligentdabidjan.info\/news\/wp-json\/wp\/v2\/posts"}],"about":[{"href":"https:\/\/www.lintelligentdabidjan.info\/news\/wp-json\/wp\/v2\/types\/post"}],"author":[{"embeddable":true,"href":"https:\/\/www.lintelligentdabidjan.info\/news\/wp-json\/wp\/v2\/users\/4"}],"replies":[{"embeddable":true,"href":"https:\/\/www.lintelligentdabidjan.info\/news\/wp-json\/wp\/v2\/comments?post=37345"}],"version-history":[{"count":1,"href":"https:\/\/www.lintelligentdabidjan.info\/news\/wp-json\/wp\/v2\/posts\/37345\/revisions"}],"predecessor-version":[{"id":37347,"href":"https:\/\/www.lintelligentdabidjan.info\/news\/wp-json\/wp\/v2\/posts\/37345\/revisions\/37347"}],"wp:featuredmedia":[{"embeddable":true,"href":"https:\/\/www.lintelligentdabidjan.info\/news\/wp-json\/wp\/v2\/media\/37346"}],"wp:attachment":[{"href":"https:\/\/www.lintelligentdabidjan.info\/news\/wp-json\/wp\/v2\/media?parent=37345"}],"wp:term":[{"taxonomy":"category","embeddable":true,"href":"https:\/\/www.lintelligentdabidjan.info\/news\/wp-json\/wp\/v2\/categories?post=37345"},{"taxonomy":"post_tag","embeddable":true,"href":"https:\/\/www.lintelligentdabidjan.info\/news\/wp-json\/wp\/v2\/tags?post=37345"}],"curies":[{"name":"wp","href":"https:\/\/api.w.org\/{rel}","templated":true}]}}