{"id":37351,"date":"2025-03-19T04:15:18","date_gmt":"2025-03-19T03:15:18","guid":{"rendered":"https:\/\/www.lintelligentdabidjan.info\/news\/?p=37351"},"modified":"2025-03-19T04:15:18","modified_gmt":"2025-03-19T03:15:18","slug":"burkina-faso-cote-divoire-des-relations-toujours-tendues","status":"publish","type":"post","link":"https:\/\/www.lintelligentdabidjan.info\/news\/burkina-faso-cote-divoire-des-relations-toujours-tendues\/","title":{"rendered":"Burkina Faso &#8211; C\u00f4te d\u2019Ivoire : des relations toujours tendues"},"content":{"rendered":"<p><em><strong>La rupture est-elle d\u00e9finitivement consomm\u00e9e entre Yamoussoukro et Ouagadougou ? Les accusations de \u00ab d\u00e9stabilisation \u00bb ne manquent pas entre les deux capitales aux relations diplomatiques quasi-inexistantes.<\/strong><\/em><\/p>\n<p><strong>D\u2019un c\u00f4t\u00e9, un pays dirig\u00e9 par un militaire, Ibrahim Traor\u00e9 : le Burkina Faso. De l\u2019autre, un pays pr\u00e9sid\u00e9 par un civil, Alassane Ouattara, d\u00e9mocratiquement \u00e9lu : la C\u00f4te d\u2019Ivoire. Il serait simpliste de r\u00e9sumer les tensions entre les deux pays, au seul prisme du r\u00e9gime politique qui gouverne chacun des pays. Cependant, force est de reconna\u00eetre que ce positionnement entrave les relations entre les deux dirigeants. Elles s\u2019\u00e9taient distendues avec le coup d\u2019\u00c9tat du Mouvement patriotique pour la sauvegarde et la restauration (MPSR) en janvier 2022 quand Paul-Henri Sandaogo Damiba a renvers\u00e9 le pr\u00e9sident Roch Marc Christian Kabor\u00e9. Elles se sont encore plus d\u00e9grad\u00e9es depuis le coup d\u2019\u00c9tat du mois de septembre 2022 quand le capitaine Ibrahim Traor\u00e9 a renvers\u00e9 le pr\u00e9sident de la Transition, Paul-Henri Damiba.<\/p>\n<p>\u00ab Terroristes \u00bb<\/strong><\/p>\n<p>Les causes de cette animosit\u00e9 sont nombreuses et anciennes et rappellent par certains c\u00f4t\u00e9s la rivalit\u00e9 qui opposait F\u00e9lix Houphou\u00ebt-Boigny \u00ab le sage de l\u2019Afrique \u00bb et p\u00e8re de l\u2019ind\u00e9pendance ivoirienne \u00e0 son bouillant voisin, le capitaine Thomas Sankara, p\u00e8re de la r\u00e9volution burkinab\u00e8, assassin\u00e9 puis enterr\u00e9 sommairement pr\u00e8s de Ouagadougou. La seule diff\u00e9rence tient sans doute au fait que les deux hommes \u00e9taient fascin\u00e9s l\u2019un par l\u2019autre, ce qui n\u2019est plus le cas aujourd&#8217;hui. Le pr\u00e9sident Ouattara a bien tent\u00e9 de r\u00e9chauffer les relations entre les deux pays en apportant en novembre 2023 son soutien logistique au Mali dans le cadre de la lutte contre le terrorisme par le don de 1000 kalachnikovs, cinquante pick-up et des munitions \u00e0 l\u2019arm\u00e9e burkinab\u00e8. Peine perdue. Quelques mois plus tard, en avril 2024 le pr\u00e9sident de la transition burkinab\u00e8 a livr\u00e9 une charge contre les autorit\u00e9s ivoiriennes, d\u00e9non\u00e7ant leur \u00ab hypocrisie \u00bb, les accusant d\u2019h\u00e9berger \u00ab les d\u00e9stabilisateurs \u00bb de son r\u00e9gime* et de n&#8217;avoir pas r\u00e9agi quand des \u00ab terroristes \u00bb ont franchi la fronti\u00e8re ivoirienne. Les deux pays ne disposent pas d\u2019ambassades officielles mais de simples repr\u00e9sentations diplomatiques \u00e0 Ouagadougou et \u00e0 Abidjan dirig\u00e9es par des charg\u00e9s d&#8217;affaires.<\/p>\n<p><strong>Campagnes subversives<\/strong><\/p>\n<p>On ne compte plus les incidents de part et d\u2019autre de la fronti\u00e8re longue de plus de 600 km entre les deux pays. Fin mars 2023, un soldat burkinab\u00e8 et un suppl\u00e9tif civil de l&#8217;arm\u00e9e ont \u00e9t\u00e9 arr\u00eat\u00e9s dans le nord de la C\u00f4te d&#8217;Ivoire. Le 19 septembre 2023, ce sont deux gendarmes ivoiriens qui ont \u00e9t\u00e9 interpell\u00e9s en territoire burkinab\u00e8, alors qu&#8217;ils se trouvaient sur un site d&#8217;orpaillage clandestin. Ils n\u2019ont \u00e9t\u00e9 rel\u00e2ch\u00e9s qu\u2019\u00e0 fin d\u00e9cembre 2024. En juillet dernier, les autorit\u00e9s ivoiriennes ont arr\u00eat\u00e9 plusieurs jeunes ivoiriens, proches de Guillaume Soro, suspect\u00e9s d\u2019\u00eatre all\u00e9s se former au maniement des armes dans le pays voisin en vue de revenir et mener des op\u00e9rations de d\u00e9stabilisation en C\u00f4te d\u2019Ivoire. Quelques semaines plus tard, le ministre burkinab\u00e9 de la S\u00e9curit\u00e9, Mahamadou Sana, a accus\u00e9 les autorit\u00e9s ivoiriennes d\u2019accueillir des Burkinab\u00e9s qui, selon lui, \u00ab se sont activ\u00e9s dans une entreprise de subversion \u00bb. Parmi eux, l\u2019ancien ministre des affaires \u00e9trang\u00e8res Alpha Barry, exil\u00e9 \u00e0 Abidjan. Derniers incidents en date : l\u2019arrestation en janvier 2025, \u00e0 Abidjan, d\u2019Alino Faso, un activiste burkinab\u00e8, accus\u00e9 d\u2019appartenir au Bataillon d\u2019intervention rapide de la communication (BIRC), une structure dirig\u00e9e par le fr\u00e8re cadet du pr\u00e9sident Traor\u00e9\u2026 Sous couvert de ses activit\u00e9s de restaurateur, Alino Faso serait l\u2019instigateur de campagnes subversives contre la C\u00f4te d\u2019Ivoire. Cette nouvelle accusation a une fois de plus irrit\u00e9 les autorit\u00e9s burkinab\u00e8. De son c\u00f4t\u00e9, le pouvoir ivoirien est convaincu que Ouagadougou cherche \u00e0 fragiliser le r\u00e9gime d\u2019Alassane Ouattara \u00e0 l\u2019approche de l\u2019\u00e9lection pr\u00e9sidentielle pr\u00e9vue en octobre 2025. C\u2019est ce qui explique que le pr\u00e9sident de transition burkinab\u00e8 et le chef de l\u2019\u00c9tat ivoirien ne se parlent plus depuis des mois. Chacun est d\u00e9sormais convaincu que l\u2019autre travaille \u00e0 sa chute.<\/p>\n<p><strong>Constantine<\/strong><\/p>\n","protected":false},"excerpt":{"rendered":"<p>La rupture est-elle d\u00e9finitivement consomm\u00e9e entre Yamoussoukro et Ouagadougou ? Les accusations de \u00ab d\u00e9stabilisation \u00bb ne manquent pas entre les deux capitales aux relations diplomatiques quasi-inexistantes. D\u2019un c\u00f4t\u00e9, un pays dirig\u00e9 par un militaire, Ibrahim Traor\u00e9 : le Burkina Faso. De l\u2019autre, un pays pr\u00e9sid\u00e9 par un civil, Alassane Ouattara, d\u00e9mocratiquement \u00e9lu : la [&hellip;]<\/p>\n","protected":false},"author":4,"featured_media":37352,"comment_status":"closed","ping_status":"closed","sticky":false,"template":"","format":"standard","meta":{"_monsterinsights_skip_tracking":false,"_monsterinsights_sitenote_active":false,"_monsterinsights_sitenote_note":"","_monsterinsights_sitenote_category":0,"footnotes":""},"categories":[2,17],"tags":[82,77,4782],"class_list":["post-37351","post","type-post","status-publish","format-standard","has-post-thumbnail","hentry","category-featured","category-politique","tag-burkina-faso","tag-cote-divoire","tag-relations"],"_links":{"self":[{"href":"https:\/\/www.lintelligentdabidjan.info\/news\/wp-json\/wp\/v2\/posts\/37351","targetHints":{"allow":["GET"]}}],"collection":[{"href":"https:\/\/www.lintelligentdabidjan.info\/news\/wp-json\/wp\/v2\/posts"}],"about":[{"href":"https:\/\/www.lintelligentdabidjan.info\/news\/wp-json\/wp\/v2\/types\/post"}],"author":[{"embeddable":true,"href":"https:\/\/www.lintelligentdabidjan.info\/news\/wp-json\/wp\/v2\/users\/4"}],"replies":[{"embeddable":true,"href":"https:\/\/www.lintelligentdabidjan.info\/news\/wp-json\/wp\/v2\/comments?post=37351"}],"version-history":[{"count":1,"href":"https:\/\/www.lintelligentdabidjan.info\/news\/wp-json\/wp\/v2\/posts\/37351\/revisions"}],"predecessor-version":[{"id":37353,"href":"https:\/\/www.lintelligentdabidjan.info\/news\/wp-json\/wp\/v2\/posts\/37351\/revisions\/37353"}],"wp:featuredmedia":[{"embeddable":true,"href":"https:\/\/www.lintelligentdabidjan.info\/news\/wp-json\/wp\/v2\/media\/37352"}],"wp:attachment":[{"href":"https:\/\/www.lintelligentdabidjan.info\/news\/wp-json\/wp\/v2\/media?parent=37351"}],"wp:term":[{"taxonomy":"category","embeddable":true,"href":"https:\/\/www.lintelligentdabidjan.info\/news\/wp-json\/wp\/v2\/categories?post=37351"},{"taxonomy":"post_tag","embeddable":true,"href":"https:\/\/www.lintelligentdabidjan.info\/news\/wp-json\/wp\/v2\/tags?post=37351"}],"curies":[{"name":"wp","href":"https:\/\/api.w.org\/{rel}","templated":true}]}}