{"id":37355,"date":"2025-03-20T04:53:04","date_gmt":"2025-03-20T03:53:04","guid":{"rendered":"https:\/\/www.lintelligentdabidjan.info\/news\/?p=37355"},"modified":"2025-03-20T04:53:08","modified_gmt":"2025-03-20T03:53:08","slug":"absence-de-gbagbo-sur-la-liste-electorale-provisoire-2025-le-ppa-ci-denonce-et-appelle-ses-militants-a-se-mobiliser-pour-le-contentieux-electoral","status":"publish","type":"post","link":"https:\/\/www.lintelligentdabidjan.info\/news\/absence-de-gbagbo-sur-la-liste-electorale-provisoire-2025-le-ppa-ci-denonce-et-appelle-ses-militants-a-se-mobiliser-pour-le-contentieux-electoral\/","title":{"rendered":"Absence de Gbagbo sur la liste \u00e9lectorale provisoire 2025  &#8211;  Le PPA-CI d\u00e9nonce et appelle  ses militants \u00e0 se mobiliser pour le contentieux \u00e9lectoral"},"content":{"rendered":"<p><em><strong>Le PPA-CI d\u00e9nonce l\u2019absence de Gbagbo sur la liste \u00e9lectorale provisoire 2025   et appelle  ses militants \u00e0 se mobiliser pour le contentieux \u00e9lectoral.<\/strong><\/em><\/p>\n<p>Le 17 mars 2025, la Commission \u00c9lectorale Ind\u00e9pendante a publi\u00e9 la liste \u00e9lectorale provisoire pour la pr\u00e9sidentielle d\u2019octobre 2025.<\/p>\n<p>Le maintien de l&#8217;absence de l&#8217;ex-pr\u00e9sident ivoirien, Laurent Gbagbo, ainsi que celle de Charles Bl\u00e9 Goud\u00e9 et Guillaume Soro, depuis 2020, a \u00e9t\u00e9 constat\u00e9. Face \u00e0 la presse nationale et internationale, le Parti des Peuples Africains de C\u00f4te d\u2019Ivoire (PPA-CI) a exprim\u00e9 sa d\u00e9ception et son inqui\u00e9tude concernant la cr\u00e9dibilit\u00e9 du processus \u00e9lectoral, lors d&#8217;une conf\u00e9rence de presse le mardi  18 mars 2025.<\/p>\n<p>Le professeur S\u00e9bastien Dano Dj\u00e9dj\u00e9, pr\u00e9sident ex\u00e9cutif du PPA-CI, a soulign\u00e9 que la liste provisoire issue de la 6e op\u00e9ration de la RLE repr\u00e9sente un danger pour la paix dans le pays, malgr\u00e9 plusieurs d\u00e9marches entreprises aupr\u00e8s de l&#8217;institution responsable de la r\u00e9gulation des \u00e9lections.<\/p>\n<p> \u00ab Par orgueil, par m\u00e9pris ou par vengeance, la CEI a d\u00e9cid\u00e9 de ne pas inscrire le nom du Pr\u00e9sident GBAGBO sur la liste \u00e9lectorale.<\/p>\n<p><strong>Cela r\u00e9sulte d\u2019un plan strat\u00e9gique savamment \u00e9labor\u00e9 :<\/strong><\/p>\n<p>&#8211; Saper le moral de nos militants et sympathisants pour les d\u00e9tourner de leur mission principale en l\u2019occurrence la mobilisation et la pr\u00e9paration de la victoire du Pr\u00e9sident GBAGBO le 25 octobre 2025. C\u2019est peine perdue. \u00bb, a t\u2019il martel\u00e9.<\/p>\n<p> Il a ajout\u00e9 : \u00ab Provoquer des troubles pour se maintenir au pouvoir par les armes.<\/p>\n<p>\u00c0 vrai dire, le pouvoir teste notre capacit\u00e9 \u00e0 rester lucide, face aux enjeux les plus importants de la nation.<\/p>\n<p>Dans ce contexte, la seule chose qui prime aujourd\u2019hui c\u2019est la candidature effective du Pr\u00e9sident Laurent GBAGBO \u00e0 l\u2019\u00e9lection pr\u00e9sidentielle de 2025 qu\u2019il va gagner.<\/p>\n<p>Ceci pour dire qu\u2019on peut \u00eatre inscrit sur la liste \u00e9lectorale et ne pas \u00eatre \u00e9ligible tout comme le contraire est possible.<\/p>\n<p>Aujourd\u2019hui, la seule personnalit\u00e9 inscrite sur la liste \u00e9lectorale qui n\u2019est pas \u00e9ligible au regard de la Constitution c\u2019est bien le Chef de l\u2019\u00c9tat. \u00bb<\/p>\n<p>Vu l&#8217;absence de Laurent Gbagbo sur la liste \u00e9lectorale provisoire , le PPA-CI s&#8217;engage \u00e0 tout mettre en \u0153uvre pour r\u00e9tablir son nom, en vue d&#8217;une victoire du parti au soir du 25 octobre 2025. \u00c0 cet effet, il a appel\u00e9 les militants \u00e0 se mobiliser pour le contentieux \u00e9lectoral, dont la dur\u00e9e est fix\u00e9e \u00e0 15 jours apr\u00e8s l\u2019affichage de la liste, soit jusqu\u2019au 5 avril 2025.<\/p>\n<p>\u00ab Nous appelons tous nos militants et sympathisants \u00e0 se mobiliser d\u00e8s maintenant pour pr\u00e9parer le contentieux \u00e9lectoral. Aucune irr\u00e9gularit\u00e9 ne restera sans r\u00e9ponse !(\u2026) Mais nous le disons avec force : Nous ne nous laisserons pas voler cette \u00e9lection ! Le Pr\u00e9sident Laurent Gbagbo est notre candidat, et nous continuerons \u00e0 nous mobiliser pour la victoire en octobre 2025 ! \u00bb, a dit S\u00e9bastien Dano Dj\u00e9dj\u00e9 , pr\u00e9sident ex\u00e9cutif du PPA-CI .  <\/p>\n<p>Pour rappel , la liste provisoire d\u00e9voil\u00e9e par l&#8217;organe charg\u00e9 d&#8217;organiser les \u00e9lections dans le pays compte plus de huit millions sept cent soixante et un mille trois cent quarante-huit ( 8 761 348) \u00e9lecteurs.  Cette liste prend en compte la radiation de deux cent quatre-vingt-treize ( 293) \u00e9lecteurs pour d\u00e9ch\u00e9ance des droits civiques, ainsi que de vingt mille cinq cent vingt-neuf ( 20 529)  en raison de d\u00e9c\u00e8s. L\u2019affichage de la liste d\u00e9finitive est pr\u00e9vu le 20 juin 2025.<\/p>\n<p><strong>Sapel Mon\u00e9<\/strong><\/p>\n","protected":false},"excerpt":{"rendered":"<p>Le PPA-CI d\u00e9nonce l\u2019absence de Gbagbo sur la liste \u00e9lectorale provisoire 2025 et appelle ses militants \u00e0 se mobiliser pour le contentieux \u00e9lectoral. Le 17 mars 2025, la Commission \u00c9lectorale Ind\u00e9pendante a publi\u00e9 la liste \u00e9lectorale provisoire pour la pr\u00e9sidentielle d\u2019octobre 2025. Le maintien de l&#8217;absence de l&#8217;ex-pr\u00e9sident ivoirien, Laurent Gbagbo, ainsi que celle de [&hellip;]<\/p>\n","protected":false},"author":4,"featured_media":37356,"comment_status":"closed","ping_status":"closed","sticky":false,"template":"","format":"standard","meta":{"footnotes":""},"categories":[2,17],"tags":[4783,4785,175,4784,1663,1393],"class_list":["post-37355","post","type-post","status-publish","format-standard","has-post-thumbnail","hentry","category-featured","category-politique","tag-absence","tag-contentieux-electoral","tag-gbagbo","tag-liste-electorale-provisoire-2025","tag-militants","tag-ppa-ci"],"_links":{"self":[{"href":"https:\/\/www.lintelligentdabidjan.info\/news\/wp-json\/wp\/v2\/posts\/37355","targetHints":{"allow":["GET"]}}],"collection":[{"href":"https:\/\/www.lintelligentdabidjan.info\/news\/wp-json\/wp\/v2\/posts"}],"about":[{"href":"https:\/\/www.lintelligentdabidjan.info\/news\/wp-json\/wp\/v2\/types\/post"}],"author":[{"embeddable":true,"href":"https:\/\/www.lintelligentdabidjan.info\/news\/wp-json\/wp\/v2\/users\/4"}],"replies":[{"embeddable":true,"href":"https:\/\/www.lintelligentdabidjan.info\/news\/wp-json\/wp\/v2\/comments?post=37355"}],"version-history":[{"count":1,"href":"https:\/\/www.lintelligentdabidjan.info\/news\/wp-json\/wp\/v2\/posts\/37355\/revisions"}],"predecessor-version":[{"id":37357,"href":"https:\/\/www.lintelligentdabidjan.info\/news\/wp-json\/wp\/v2\/posts\/37355\/revisions\/37357"}],"wp:featuredmedia":[{"embeddable":true,"href":"https:\/\/www.lintelligentdabidjan.info\/news\/wp-json\/wp\/v2\/media\/37356"}],"wp:attachment":[{"href":"https:\/\/www.lintelligentdabidjan.info\/news\/wp-json\/wp\/v2\/media?parent=37355"}],"wp:term":[{"taxonomy":"category","embeddable":true,"href":"https:\/\/www.lintelligentdabidjan.info\/news\/wp-json\/wp\/v2\/categories?post=37355"},{"taxonomy":"post_tag","embeddable":true,"href":"https:\/\/www.lintelligentdabidjan.info\/news\/wp-json\/wp\/v2\/tags?post=37355"}],"curies":[{"name":"wp","href":"https:\/\/api.w.org\/{rel}","templated":true}]}}