{"id":374,"date":"2016-10-05T11:57:54","date_gmt":"2016-10-05T09:57:54","guid":{"rendered":"http:\/\/www.lintelligentdabidjan.info\/news\/?p=374"},"modified":"2016-10-05T11:57:54","modified_gmt":"2016-10-05T09:57:54","slug":"emergence-bientot-des-ascenseurs-intelligents-a-abidjan","status":"publish","type":"post","link":"https:\/\/www.lintelligentdabidjan.info\/news\/emergence-bientot-des-ascenseurs-intelligents-a-abidjan\/","title":{"rendered":"Emergence : Bient\u00f4t des ascenseurs intelligents \u00e0 Abidjan"},"content":{"rendered":"<p>A partir du 31 ao\u00fbt 2017, tous les ascenseurs livr\u00e9s en C\u00f4te d\u2019Ivoire devront \u00eatre conformes aux nouvelles normes et r\u00e9glementation. C\u2019est-\u00e0-dire l\u2019am\u00e9lioration du confort, la s\u00e9curit\u00e9, l\u2019\u00e9clairage, le niveau de d\u00e9cibel, la facilitation de l&#8217;utilisation de l&#8217;ascenseur pour tous les usagers avec ou sans handicap. <!--more--><\/p>\n<p>L&#8217;annonce a \u00e9t\u00e9 faite au cours d&#8217;une rencontre organis\u00e9e par une entreprise sp\u00e9cialis\u00e9e en la mati\u00e8re. Selon elle, ce sont des ascenseurs intelligents et connect\u00e9s pour l\u2019\u00e9mergence. Ce sont des appareils qui s&#8217;appuient sur la technologie de leurs pr\u00e9d\u00e9cesseurs qui permettait d&#8217;optimiser la consommation d&#8217;\u00e9nergie et d&#8217;espace dans les b\u00e2timents. Cette nouvelle technologie permet d\u00e9sormais d&#8217;int\u00e9grer la connectivit\u00e9 et le design. Dans sa version standard, ces ascenseurs int\u00e8grent trois dispositifs connect\u00e9s.  Le premier dispositif permet aux utilisateurs des b\u00e2timents d&#8217;appeler et commander l&#8217;ascenseur \u00e0 distance directement avec leur smart-phone via une application d\u00e9di\u00e9e. Le second permet \u00e0 ceux qui n&#8217;ont pas l&#8217;application d&#8217;appeler une cabine avec un tableau de commande sur le palier d&#8217;ascenseur. Enfin, le dernier install\u00e9 \u00e0 l&#8217;int\u00e9rieur des cabines est un \u00e9cran qui permet la diffusion d&#8217;informations en temps r\u00e9el comme des d\u00e9p\u00eaches, la m\u00e9t\u00e9o ou encore des informations d\u00e9di\u00e9es pour les utilisateurs du b\u00e2timent. Pour Olivier Lamoure, directeur des op\u00e9rations de cette entreprise, les nouveaux standards renforcent les normes en mati\u00e8re de s\u00e9curit\u00e9, de confort et de robustesse. Il a aussi indiqu\u00e9 qu&#8217;il y aura d&#8217;importantes am\u00e9liorations au niveau de l&#8217;\u00e9clairage de la cabine, du syst\u00e8me de protection des portes. Cette am\u00e9lioration portera aussi sur la s\u00e9curit\u00e9 dont l\u2019issue de secours sera plus large. On aura \u00e9galement une augmentation de la r\u00e9sistance m\u00e9canique de la cabine. Quant \u00e0 Jean Guillaume De Pompignan, responsable Afrique de cette entreprise, il a fait savoir qu&#8217;en int\u00e9grant de nouvelles fonctionnalit\u00e9s et technologies au c\u0153ur m\u00eame des cabines, l&#8217;op\u00e9rateur accompagne la digitalisation des usages et participe activement \u00e0 la transformation des usages et de l&#8217;exp\u00e9rience usager au c\u0153ur du b\u00e2timent.<br \/>\nM.O <\/p>\n","protected":false},"excerpt":{"rendered":"<p>A partir du 31 ao\u00fbt 2017, tous les ascenseurs livr\u00e9s en C\u00f4te d\u2019Ivoire devront \u00eatre conformes aux nouvelles normes et r\u00e9glementation. C\u2019est-\u00e0-dire l\u2019am\u00e9lioration du confort, la s\u00e9curit\u00e9, l\u2019\u00e9clairage, le niveau de d\u00e9cibel, la facilitation de l&#8217;utilisation de l&#8217;ascenseur pour tous les usagers avec ou sans handicap.<\/p>\n","protected":false},"author":2,"featured_media":375,"comment_status":"closed","ping_status":"closed","sticky":false,"template":"","format":"standard","meta":{"_monsterinsights_skip_tracking":false,"_monsterinsights_sitenote_active":false,"_monsterinsights_sitenote_note":"","_monsterinsights_sitenote_category":0,"footnotes":""},"categories":[3],"tags":[],"class_list":["post-374","post","type-post","status-publish","format-standard","has-post-thumbnail","hentry","category-societe"],"_links":{"self":[{"href":"https:\/\/www.lintelligentdabidjan.info\/news\/wp-json\/wp\/v2\/posts\/374","targetHints":{"allow":["GET"]}}],"collection":[{"href":"https:\/\/www.lintelligentdabidjan.info\/news\/wp-json\/wp\/v2\/posts"}],"about":[{"href":"https:\/\/www.lintelligentdabidjan.info\/news\/wp-json\/wp\/v2\/types\/post"}],"author":[{"embeddable":true,"href":"https:\/\/www.lintelligentdabidjan.info\/news\/wp-json\/wp\/v2\/users\/2"}],"replies":[{"embeddable":true,"href":"https:\/\/www.lintelligentdabidjan.info\/news\/wp-json\/wp\/v2\/comments?post=374"}],"version-history":[{"count":1,"href":"https:\/\/www.lintelligentdabidjan.info\/news\/wp-json\/wp\/v2\/posts\/374\/revisions"}],"predecessor-version":[{"id":376,"href":"https:\/\/www.lintelligentdabidjan.info\/news\/wp-json\/wp\/v2\/posts\/374\/revisions\/376"}],"wp:featuredmedia":[{"embeddable":true,"href":"https:\/\/www.lintelligentdabidjan.info\/news\/wp-json\/wp\/v2\/media\/375"}],"wp:attachment":[{"href":"https:\/\/www.lintelligentdabidjan.info\/news\/wp-json\/wp\/v2\/media?parent=374"}],"wp:term":[{"taxonomy":"category","embeddable":true,"href":"https:\/\/www.lintelligentdabidjan.info\/news\/wp-json\/wp\/v2\/categories?post=374"},{"taxonomy":"post_tag","embeddable":true,"href":"https:\/\/www.lintelligentdabidjan.info\/news\/wp-json\/wp\/v2\/tags?post=374"}],"curies":[{"name":"wp","href":"https:\/\/api.w.org\/{rel}","templated":true}]}}