{"id":37673,"date":"2025-04-14T03:38:05","date_gmt":"2025-04-14T01:38:05","guid":{"rendered":"https:\/\/www.lintelligentdabidjan.info\/news\/?p=37673"},"modified":"2025-04-14T03:38:10","modified_gmt":"2025-04-14T01:38:10","slug":"crise-post-electorale-de-2010-2011-en-cote-divoire-hommage-aux-victimes-a-travers-des-steles-memorielles","status":"publish","type":"post","link":"https:\/\/www.lintelligentdabidjan.info\/news\/crise-post-electorale-de-2010-2011-en-cote-divoire-hommage-aux-victimes-a-travers-des-steles-memorielles\/","title":{"rendered":"Crise post-\u00e9lectorale de 2010-2011 en C\u00f4te d&#8217;Ivoire &#8211; Hommage aux victimes \u00e0 travers des st\u00e8les m\u00e9morielles"},"content":{"rendered":"<p><em><strong>Le rond-point Anador, dans la commune d\u2019Abobo, a accueilli une c\u00e9r\u00e9monie solennelle d\u2019inauguration des st\u00e8les m\u00e9morielles \u00e9rig\u00e9es en hommage aux victimes des \u00e9v\u00e9nements tragiques de la crise post-\u00e9lectorale de 2010-2011. Cette comm\u00e9moration qui a rassembl\u00e9 les autorit\u00e9s ivoiriennes, des repr\u00e9sentants de l\u2019Union europ\u00e9enne, ainsi que celles de la Cour p\u00e9nale internationale (CPI) s&#8217;est tenue le vendredi 11 avril 2025.<\/strong><\/em><\/p>\n<p>\u00c0 travers cette initiative port\u00e9e par le minist\u00e8re de la Coh\u00e9sion nationale, de la Solidarit\u00e9 et de la Lutte contre la pauvret\u00e9 (MCNSLP), l\u2019\u00c9tat ivoirien poursuit sa volont\u00e9 de r\u00e9parer symboliquement et moralement les blessures caus\u00e9es par cette page douloureuse de l\u2019histoire nationale, en collaboration avec le Fonds au profit des victimes de la CPI.<\/p>\n<p><strong>Un devoir de m\u00e9moire et d\u2019unit\u00e9 nationale<\/strong><\/p>\n<p>Depuis 2021, le Fonds au profit des victimes, en partenariat avec des organisations comme WANEP, AVSI et DRAO, a mis en \u0153uvre une approche de r\u00e9paration holistique m\u00ealant soutien psychologique, r\u00e9habilitation physique, et assistance mat\u00e9rielle. Parmi les mesures engag\u00e9es : l\u2019\u00e9rection d\u2019\u0153uvres m\u00e9morielles sur les sites marqu\u00e9s par les violences. L\u2019initiative avait \u00e9t\u00e9 lanc\u00e9e \u00e0 Abobo, le 3 mars 2024, \u00e0 l\u2019occasion de la comm\u00e9moration de la marche historique des femmes.<\/p>\n<p>Les st\u00e8les inaugur\u00e9es portent les noms symboliques \u00ab De l\u2019ombre \u00e0 la lumi\u00e8re \u00bb \u00e0 Abobo et \u00ab R\u00e9silience \u00bb \u00e0 Yopougon, en m\u00e9moire des cinq \u00e9v\u00e9nements marquants de la crise que sont la marche des femmes d\u2019Abobo, le bombardement du march\u00e9 Siaka Kon\u00e9,l\u2019attaque d\u2019Anonkoua-Kout\u00e9, l\u2019attaque du quartier Doukour\u00e9 et l\u2019attaque de Yao S\u00e9hi.<\/p>\n<p><strong>Un t\u00e9moignage fort de reconnaissance des victimes<\/strong><\/p>\n<p>Lors de la c\u00e9r\u00e9monie, Marie-Madeleine Goss\u00e9, victime de l\u2019attaque de Yao S\u00e9hi, a pris la parole au nom de toutes les victimes.<\/p>\n<p>\u00ab Nous sommes l\u00e0 pour dire merci \u00e0 l\u2019\u00c9tat de C\u00f4te d\u2019Ivoire. Ces \u0153uvres m\u00e9morielles sont synonymes de reconnaissance et d\u2019espoir. Elles t\u00e9moignent de nos souffrances et porteront notre m\u00e9moire aux g\u00e9n\u00e9rations futures. \u00bb<\/p>\n<p>Elle a \u00e9galement salu\u00e9 les efforts d\u2019accompagnement r\u00e9alis\u00e9s depuis 2021 \u00e0 savoir la prise en charge m\u00e9dicale, psychologique, aides financi\u00e8res, activit\u00e9s g\u00e9n\u00e9ratrices de revenus (AGR), et soutien scolaire de la part de l&#8217;\u00c9tat ivoirien.<\/p>\n<p><strong>La CPI salue un engagement pour la paix<\/strong><\/p>\n<p>Pr\u00e9sent \u00e0 la c\u00e9r\u00e9monie, Marc Dubuisson, directeur des services judiciaires de la CPI, a salu\u00e9 l\u2019engagement de la C\u00f4te d\u2019Ivoire et des victimes elles-m\u00eames.<\/p>\n<p>\u00ab Ces \u0153uvres vous appartiennent. Elles sont le symbole d\u2019un avenir sans violence. Vous montrez la voie de la coh\u00e9sion sociale. \u00bb<\/p>\n<p><strong>Un appel national au pardon et \u00e0 la vigilance de l\u2019Etat ivoirien<\/strong><\/p>\n<p>La ministre de la Coh\u00e9sion nationale, Myss Belmonde Dogo, a soulign\u00e9 la port\u00e9e p\u00e9dagogique et historique de cette d\u00e9marche.<\/p>\n<p>\u00ab Aujourd\u2019hui, c\u2019est le temps de la m\u00e9moire. Ce que nous inaugurons est un acte de r\u00e9paration symbolique. (\u2026) Ces st\u00e8les doivent enseigner aux jeunes g\u00e9n\u00e9rations que la paix est un choix, et que les violences \u00e9lectorales ne sont pas b\u00e9n\u00e9fiques. \u00bb<\/p>\n<p>Elle a \u00e9galement rendu hommage aux victimes et appel\u00e9 les citoyens \u00e0 faire des \u00e9lections pr\u00e9sidentielles de 2025 un moment de maturit\u00e9 politique, sans violence.<\/p>\n<p>De son c\u00f4t\u00e9, Kandia Camara, Pr\u00e9sidente du S\u00e9nat et Maire d\u2019Abobo, a exhort\u00e9 les victimes au pardon, et tous les Ivoiriens \u00e0 rester unis.<\/p>\n<p>\u00ab Vous avez souffert, mais vous avez choisi de pardonner. Soyons tous des artisans de paix. \u00bb, Apr\u00e8s Abobo et Yopougon, d&#8217;autres st\u00e8les seront \u00e9rig\u00e9es dans les r\u00e9gions du Gu\u00e9mon (Du\u00e9kou\u00e9) et du Cavally (Blol\u00e9quin, Dok\u00e9, P\u00e9h\u00e9), \u00e9galement touch\u00e9es par les violences de la crise. L\u2019objectif est clair : ne jamais oublier, mais surtout ne jamais revivre de telles trag\u00e9dies. Par cette d\u00e9marche m\u00e9morielle, la C\u00f4te d\u2019Ivoire \u00e9crit une nouvelle page de son histoire, tourn\u00e9e vers le pardon, la paix durable et la construction d\u2019une nation unie.<\/p>\n<p><strong>Olivier Dion avec G\u00e9rard Batoua<\/strong><\/p>\n","protected":false},"excerpt":{"rendered":"<p>Le rond-point Anador, dans la commune d\u2019Abobo, a accueilli une c\u00e9r\u00e9monie solennelle d\u2019inauguration des st\u00e8les m\u00e9morielles \u00e9rig\u00e9es en hommage aux victimes des \u00e9v\u00e9nements tragiques de la crise post-\u00e9lectorale de 2010-2011. Cette comm\u00e9moration qui a rassembl\u00e9 les autorit\u00e9s ivoiriennes, des repr\u00e9sentants de l\u2019Union europ\u00e9enne, ainsi que celles de la Cour p\u00e9nale internationale (CPI) s&#8217;est tenue le [&hellip;]<\/p>\n","protected":false},"author":4,"featured_media":37674,"comment_status":"closed","ping_status":"closed","sticky":false,"template":"","format":"standard","meta":{"_monsterinsights_skip_tracking":false,"_monsterinsights_sitenote_active":false,"_monsterinsights_sitenote_note":"","_monsterinsights_sitenote_category":0,"footnotes":""},"categories":[2,17],"tags":[77,4913,715,4914,846],"class_list":["post-37673","post","type-post","status-publish","format-standard","has-post-thumbnail","hentry","category-featured","category-politique","tag-cote-divoire","tag-crise-post-electorale-de-2010-2011","tag-hommage","tag-steles-memorielles","tag-victimes"],"_links":{"self":[{"href":"https:\/\/www.lintelligentdabidjan.info\/news\/wp-json\/wp\/v2\/posts\/37673","targetHints":{"allow":["GET"]}}],"collection":[{"href":"https:\/\/www.lintelligentdabidjan.info\/news\/wp-json\/wp\/v2\/posts"}],"about":[{"href":"https:\/\/www.lintelligentdabidjan.info\/news\/wp-json\/wp\/v2\/types\/post"}],"author":[{"embeddable":true,"href":"https:\/\/www.lintelligentdabidjan.info\/news\/wp-json\/wp\/v2\/users\/4"}],"replies":[{"embeddable":true,"href":"https:\/\/www.lintelligentdabidjan.info\/news\/wp-json\/wp\/v2\/comments?post=37673"}],"version-history":[{"count":1,"href":"https:\/\/www.lintelligentdabidjan.info\/news\/wp-json\/wp\/v2\/posts\/37673\/revisions"}],"predecessor-version":[{"id":37675,"href":"https:\/\/www.lintelligentdabidjan.info\/news\/wp-json\/wp\/v2\/posts\/37673\/revisions\/37675"}],"wp:featuredmedia":[{"embeddable":true,"href":"https:\/\/www.lintelligentdabidjan.info\/news\/wp-json\/wp\/v2\/media\/37674"}],"wp:attachment":[{"href":"https:\/\/www.lintelligentdabidjan.info\/news\/wp-json\/wp\/v2\/media?parent=37673"}],"wp:term":[{"taxonomy":"category","embeddable":true,"href":"https:\/\/www.lintelligentdabidjan.info\/news\/wp-json\/wp\/v2\/categories?post=37673"},{"taxonomy":"post_tag","embeddable":true,"href":"https:\/\/www.lintelligentdabidjan.info\/news\/wp-json\/wp\/v2\/tags?post=37673"}],"curies":[{"name":"wp","href":"https:\/\/api.w.org\/{rel}","templated":true}]}}