{"id":37798,"date":"2025-04-20T00:32:08","date_gmt":"2025-04-19T22:32:08","guid":{"rendered":"https:\/\/www.lintelligentdabidjan.info\/news\/?p=37798"},"modified":"2025-04-20T00:32:31","modified_gmt":"2025-04-19T22:32:31","slug":"abobo-la-mosquee-cheick-idriss-konate-inauguree","status":"publish","type":"post","link":"https:\/\/www.lintelligentdabidjan.info\/news\/abobo-la-mosquee-cheick-idriss-konate-inauguree\/","title":{"rendered":"Abobo &#8211; La mosqu\u00e9e Cheick Idriss Konat\u00e9  inaugur\u00e9e"},"content":{"rendered":"<p><em><strong>La mosqu\u00e9e Cheick Idriss Konat\u00e9  a \u00e9t\u00e9 inaugur\u00e9e  le vendredi 18 avril 2025 \u00e0 Abobo Unicaf\u00e9 par El Hadj Cheick Malick Konat\u00e9, le guide spirituel de la Mosqu\u00e9e de la Riviera &#8211; Les Rosiers. <\/strong><\/em><\/p>\n<p>El Hadj Cheick Malick Konat\u00e9, a invit\u00e9 les fid\u00e8les \u00e0 prendre soin de la mosqu\u00e9e qui porte le nom de son p\u00e8re. Il a exprim\u00e9 sa profonde gratitude \u00e0 toutes les personnes ayant contribu\u00e9 \u00e0 faire de cette mosqu\u00e9e, dont la construction a d\u00e9but\u00e9 en 2022, une r\u00e9alit\u00e9. Il a \u00e9galement remerci\u00e9 ceux qui participent \u00e0 son entretien r\u00e9gulier.<\/p>\n<p>Issouf Kon\u00e9, secr\u00e9taire g\u00e9n\u00e9ral du Conseil sup\u00e9rieur des imams, des mosqu\u00e9es et des affaires islamiques (COSIM) Abobo Zone 7 (COSIM), s&#8217;exprimant au nom du pr\u00e9sident du COSIM communal Zone 7 , El hadj Makama Diawara, s\u2019est r\u00e9joui de l\u2019inauguration de cette mosqu\u00e9e.<br \/>\nIl a rendu hommage au Cheick Malick Konat\u00e9 pour ses actions en faveur du rayonnement de l&#8217;islam en C\u00f4te d\u2019Ivoire.<\/p>\n<p>Il a appel\u00e9 les fid\u00e8les \u00e0 la coh\u00e9sion, les exhortant \u00e0 faire bloc autour de l\u2019imam Ousmane Kon\u00e9. Il a pri\u00e9 Allah pour que l\u2019imam soit guid\u00e9 par la sagesse et le discernement, sous la conduite du comit\u00e9 des sages pr\u00e9sid\u00e9 par l\u2019Imam Ayouba Tour\u00e9, afin que ses conseils profitent \u00e0 l\u2019ensemble des fid\u00e8les.<br \/>\nCette inauguration marque \u00e9galement l\u2019autorisation officielle pour la mosqu\u00e9e d\u2019organiser d\u00e9sormais les pri\u00e8res du vendredi.<\/p>\n<p><strong>Tour\u00e9 Abdoulaye<\/strong><\/p>\n","protected":false},"excerpt":{"rendered":"<p>La mosqu\u00e9e Cheick Idriss Konat\u00e9 a \u00e9t\u00e9 inaugur\u00e9e le vendredi 18 avril 2025 \u00e0 Abobo Unicaf\u00e9 par El Hadj Cheick Malick Konat\u00e9, le guide spirituel de la Mosqu\u00e9e de la Riviera &#8211; Les Rosiers. El Hadj Cheick Malick Konat\u00e9, a invit\u00e9 les fid\u00e8les \u00e0 prendre soin de la mosqu\u00e9e qui porte le nom de son [&hellip;]<\/p>\n","protected":false},"author":4,"featured_media":37799,"comment_status":"closed","ping_status":"closed","sticky":false,"template":"","format":"standard","meta":{"_monsterinsights_skip_tracking":false,"_monsterinsights_sitenote_active":false,"_monsterinsights_sitenote_note":"","_monsterinsights_sitenote_category":0,"footnotes":""},"categories":[2,3],"tags":[295,4963,4962],"class_list":["post-37798","post","type-post","status-publish","format-standard","has-post-thumbnail","hentry","category-featured","category-societe","tag-abobo","tag-cheick-idriss-konate","tag-la-mosquee"],"_links":{"self":[{"href":"https:\/\/www.lintelligentdabidjan.info\/news\/wp-json\/wp\/v2\/posts\/37798","targetHints":{"allow":["GET"]}}],"collection":[{"href":"https:\/\/www.lintelligentdabidjan.info\/news\/wp-json\/wp\/v2\/posts"}],"about":[{"href":"https:\/\/www.lintelligentdabidjan.info\/news\/wp-json\/wp\/v2\/types\/post"}],"author":[{"embeddable":true,"href":"https:\/\/www.lintelligentdabidjan.info\/news\/wp-json\/wp\/v2\/users\/4"}],"replies":[{"embeddable":true,"href":"https:\/\/www.lintelligentdabidjan.info\/news\/wp-json\/wp\/v2\/comments?post=37798"}],"version-history":[{"count":1,"href":"https:\/\/www.lintelligentdabidjan.info\/news\/wp-json\/wp\/v2\/posts\/37798\/revisions"}],"predecessor-version":[{"id":37800,"href":"https:\/\/www.lintelligentdabidjan.info\/news\/wp-json\/wp\/v2\/posts\/37798\/revisions\/37800"}],"wp:featuredmedia":[{"embeddable":true,"href":"https:\/\/www.lintelligentdabidjan.info\/news\/wp-json\/wp\/v2\/media\/37799"}],"wp:attachment":[{"href":"https:\/\/www.lintelligentdabidjan.info\/news\/wp-json\/wp\/v2\/media?parent=37798"}],"wp:term":[{"taxonomy":"category","embeddable":true,"href":"https:\/\/www.lintelligentdabidjan.info\/news\/wp-json\/wp\/v2\/categories?post=37798"},{"taxonomy":"post_tag","embeddable":true,"href":"https:\/\/www.lintelligentdabidjan.info\/news\/wp-json\/wp\/v2\/tags?post=37798"}],"curies":[{"name":"wp","href":"https:\/\/api.w.org\/{rel}","templated":true}]}}