{"id":37884,"date":"2025-04-24T06:08:41","date_gmt":"2025-04-24T04:08:41","guid":{"rendered":"https:\/\/www.lintelligentdabidjan.info\/news\/?p=37884"},"modified":"2025-04-24T06:08:46","modified_gmt":"2025-04-24T04:08:46","slug":"cloture-de-la-3%e1%b5%89-edition-du-parcours-citoyen-2025-900-jeunes-formes-a-dabou-et-bouake","status":"publish","type":"post","link":"https:\/\/www.lintelligentdabidjan.info\/news\/cloture-de-la-3%e1%b5%89-edition-du-parcours-citoyen-2025-900-jeunes-formes-a-dabou-et-bouake\/","title":{"rendered":"Cl\u00f4ture de la 3\u1d49 \u00e9dition du Parcours Citoyen 2025 : 900 jeunes form\u00e9s \u00e0 Dabou et Bouak\u00e9"},"content":{"rendered":"<p><em><strong>L&#8217;Office du Service Civique National, avec l&#8217;appui du minist\u00e8re de la Promotion de la Jeunesse, de l\u2019Insertion Professionnelle et du Service Civique, a mis fin, mardi 22 avril 2025, \u00e0 la troisi\u00e8me \u00e9dition du Parcours Citoyen 2025. Pendant une semaine, 900 jeunes ont b\u00e9n\u00e9fici\u00e9 d&#8217;une formation intensive dans les villes de Dabou et de Bouak\u00e9.<\/strong><\/em><\/p>\n<p>La c\u00e9r\u00e9monie officielle de cl\u00f4ture \u00e0 Bouak\u00e9 s&#8217;est tenue au Lyc\u00e9e Moderne Jeune Fille, en pr\u00e9sence de plusieurs autorit\u00e9s politiques, administratives et \u00e9ducatives locales. \u00c0 Bouak\u00e9, ce sont 750 jeunes qui ont \u00e9t\u00e9 form\u00e9s \u00e0 la citoyennet\u00e9 et aux valeurs civiques.<\/p>\n<p>Lors de son intervention, le directeur g\u00e9n\u00e9ral de l\u2019Office du Service Civique National, Amara Coulibaly, a pr\u00e9cis\u00e9 que les participants ont \u00e9t\u00e9 encadr\u00e9s dans la discipline et initi\u00e9s aux premiers gestes de secours, \u00e0 l&#8217;apprentissage de l&#8217;ordre serr\u00e9, au respect des r\u00e8gles sociales et \u00e0 la vie en communaut\u00e9.<\/p>\n<p>\u00ab Cette formation a \u00e9t\u00e9 r\u00e9alis\u00e9e sous la conduite du Groupe d\u2019instruction et de perfectionnement de la Gendarmerie nationale ainsi que des Scouts, qui ont apport\u00e9 leur contribution \u00e0 travers des th\u00e9matiques d\u2019int\u00e9r\u00eat telles que la pr\u00e9vention des cong\u00e9s anticip\u00e9s, la lutte contre les violences juv\u00e9niles, les risques li\u00e9s \u00e0 la consommation de drogues, la pr\u00e9vention de la cybercriminalit\u00e9, les valeurs d\u2019\u00e9cocitoyennet\u00e9, l\u2019estime de soi et le leadership \u00bb, a-t-il expliqu\u00e9.<\/p>\n<p>Poursuivant, il a salu\u00e9 l&#8217;engagement citoyen des 900 jeunes form\u00e9s, mis en valeur \u00e0 travers les travaux d&#8217;int\u00e9r\u00eat g\u00e9n\u00e9ral de salubrit\u00e9 r\u00e9alis\u00e9s dans les diff\u00e9rents centres.<\/p>\n<p>Pr\u00e9sent \u00e0 cette c\u00e9r\u00e9monie, l\u2019ex-footballeur international Didier Zokora, dit &#8220;Maestro&#8221;, ambassadeur du Service Civique, ainsi que le repr\u00e9sentant des Directions R\u00e9gionales de l&#8217;\u00c9ducation Nationale de Bouak\u00e9 Kouakou Gabriel, ont encourag\u00e9 les jeunes \u00e0 devenir de v\u00e9ritables ambassadeurs de la citoyennet\u00e9 au sein de la soci\u00e9t\u00e9.<\/p>\n<p>S&#8217;exprimant au nom du pr\u00e9fet de r\u00e9gion, le secr\u00e9taire g\u00e9n\u00e9ral de la pr\u00e9fecture de Bouak\u00e9, Vani\u00e9 Bi Trazi\u00e9 Jean Fran\u00e7ois, a exhort\u00e9 les b\u00e9n\u00e9ficiaires \u00e0 mettre en pratique les enseignements re\u00e7us.<\/p>\n<p>\u00ab Le civisme n\u2019est pas un slogan, chers enfants, mais un comportement quotidien \u00e0 cultiver. Soyez, dans vos \u00e9tablissements, vos familles et vos quartiers, des ambassadeurs de la citoyennet\u00e9, des exemples vivants de respect, de discipline et de responsabilit\u00e9. Inspirez votre entourage. La v\u00e9ritable attestation que vous emportez aujourd&#8217;hui est celle de la culture civique. Soyez-en dignes \u00bb, a-t-il d\u00e9clar\u00e9.<\/p>\n<p>Au nom des b\u00e9n\u00e9ficiaires, Ouattara Marie Roscane a exprim\u00e9 sa gratitude aux ministres en charge de la Jeunesse et de l&#8217;\u00c9ducation nationale pour cette initiative.<\/p>\n<p>\u00ab Le Parcours Citoyen n\u2019a pas \u00e9t\u00e9 qu\u2019une simple formation. Ce fut un v\u00e9ritable voyage initiatique au c\u0153ur des valeurs essentielles : la discipline, le respect des institutions de la R\u00e9publique, la solidarit\u00e9, la rigueur, la responsabilit\u00e9, la citoyennet\u00e9 et l\u2019engagement communautaire. Merci \u00e0 M. Mamadou Tour\u00e9, notre &#8220;Papa&#8221;, pour votre engagement constant en faveur de la jeunesse et pour cette opportunit\u00e9 unique de redressement, de transformation et d\u2019\u00e9l\u00e9vation \u00bb, s\u2019est-elle r\u00e9jouie.<\/p>\n<p><strong>Nambac\u00e9r\u00e9 Jo\u00ebl <\/strong><\/p>\n","protected":false},"excerpt":{"rendered":"<p>L&#8217;Office du Service Civique National, avec l&#8217;appui du minist\u00e8re de la Promotion de la Jeunesse, de l\u2019Insertion Professionnelle et du Service Civique, a mis fin, mardi 22 avril 2025, \u00e0 la troisi\u00e8me \u00e9dition du Parcours Citoyen 2025. Pendant une semaine, 900 jeunes ont b\u00e9n\u00e9fici\u00e9 d&#8217;une formation intensive dans les villes de Dabou et de Bouak\u00e9. [&hellip;]<\/p>\n","protected":false},"author":4,"featured_media":37885,"comment_status":"closed","ping_status":"closed","sticky":false,"template":"","format":"standard","meta":{"_monsterinsights_skip_tracking":false,"_monsterinsights_sitenote_active":false,"_monsterinsights_sitenote_note":"","_monsterinsights_sitenote_category":0,"footnotes":""},"categories":[2,3],"tags":[125,921,701,5011],"class_list":["post-37884","post","type-post","status-publish","format-standard","has-post-thumbnail","hentry","category-featured","category-societe","tag-bouake","tag-dabou","tag-jeunes","tag-parcours-citoyen-2025"],"_links":{"self":[{"href":"https:\/\/www.lintelligentdabidjan.info\/news\/wp-json\/wp\/v2\/posts\/37884","targetHints":{"allow":["GET"]}}],"collection":[{"href":"https:\/\/www.lintelligentdabidjan.info\/news\/wp-json\/wp\/v2\/posts"}],"about":[{"href":"https:\/\/www.lintelligentdabidjan.info\/news\/wp-json\/wp\/v2\/types\/post"}],"author":[{"embeddable":true,"href":"https:\/\/www.lintelligentdabidjan.info\/news\/wp-json\/wp\/v2\/users\/4"}],"replies":[{"embeddable":true,"href":"https:\/\/www.lintelligentdabidjan.info\/news\/wp-json\/wp\/v2\/comments?post=37884"}],"version-history":[{"count":1,"href":"https:\/\/www.lintelligentdabidjan.info\/news\/wp-json\/wp\/v2\/posts\/37884\/revisions"}],"predecessor-version":[{"id":37886,"href":"https:\/\/www.lintelligentdabidjan.info\/news\/wp-json\/wp\/v2\/posts\/37884\/revisions\/37886"}],"wp:featuredmedia":[{"embeddable":true,"href":"https:\/\/www.lintelligentdabidjan.info\/news\/wp-json\/wp\/v2\/media\/37885"}],"wp:attachment":[{"href":"https:\/\/www.lintelligentdabidjan.info\/news\/wp-json\/wp\/v2\/media?parent=37884"}],"wp:term":[{"taxonomy":"category","embeddable":true,"href":"https:\/\/www.lintelligentdabidjan.info\/news\/wp-json\/wp\/v2\/categories?post=37884"},{"taxonomy":"post_tag","embeddable":true,"href":"https:\/\/www.lintelligentdabidjan.info\/news\/wp-json\/wp\/v2\/tags?post=37884"}],"curies":[{"name":"wp","href":"https:\/\/api.w.org\/{rel}","templated":true}]}}