{"id":37914,"date":"2025-04-25T07:04:26","date_gmt":"2025-04-25T05:04:26","guid":{"rendered":"https:\/\/www.lintelligentdabidjan.info\/news\/?p=37914"},"modified":"2025-04-25T07:04:26","modified_gmt":"2025-04-25T05:04:26","slug":"etablissements-prives-les-fondateurs-en-dialogue-avec-mariatou-kone","status":"publish","type":"post","link":"https:\/\/www.lintelligentdabidjan.info\/news\/etablissements-prives-les-fondateurs-en-dialogue-avec-mariatou-kone\/","title":{"rendered":"\u00c9tablissements Priv\u00e9s-  Les Fondateurs en dialogue avec  Mariatou Kon\u00e9"},"content":{"rendered":"<p><em><strong>Les fondateurs des \u00e9tablissements priv\u00e9s la\u00efcs de C\u00f4te d\u2019Ivoire ont \u00e9t\u00e9 re\u00e7us en concertation par la ministre de l\u2019\u00c9ducation nationale et de l\u2019Alphab\u00e9tisation , Mariatou Kon\u00e9.<\/strong><\/em><\/p>\n<p>Une rencontre de plus de quatre heures s\u2019est tenue dans les locaux du minist\u00e8re le mercredi 23 avril 2025.<\/p>\n<p>Ibrahim Karamoko, responsable de la fa\u00eeti\u00e8re des \u00e9tablissements priv\u00e9s la\u00efcs, accompagn\u00e9 de plusieurs de ses coll\u00e8gues, a saisi cette opportunit\u00e9 pour exposer les difficult\u00e9s majeures rencontr\u00e9es, en particulier le retard significatif dans le paiement des arri\u00e9r\u00e9s de l\u2019\u00c9tat. Selon lui, \u00ab l\u2019ann\u00e9e scolaire 2022-2023 n\u2019a \u00e9t\u00e9 r\u00e9gl\u00e9e qu\u2019\u00e0 hauteur de 20%, alors que nous sommes en fin d\u2019ann\u00e9e 2024-2025. Ces fonds sont essentiels car ils constituent les salaires du personnel enseignant et administratif. \u00bb<\/p>\n<p>En r\u00e9ponse, la ministre Mariatou Kon\u00e9 a r\u00e9affirm\u00e9 son engagement \u00e0 d\u00e9fendre les int\u00e9r\u00eats des \u00e9tablissements priv\u00e9s. Elle a assur\u00e9 les fondateurs qu\u2019elle jouera son r\u00f4le pour faire avancer le dossier au niveau du gouvernement. Toutefois, elle a \u00e9galement tenu \u00e0 rappeler la volont\u00e9 de l\u2019\u00c9tat d\u2019instaurer plus de transparence dans le processus de paiement \u00e0 travers le contr\u00f4le biom\u00e9trique des effectifs. Une d\u00e9marche qui, bien qu\u2019impopulaire aupr\u00e8s de certains, vise \u00e0 r\u00e9duire les charges injustifi\u00e9es pesant sur les finances publiques.<\/p>\n<p>\u00ab Un fondateur d\u2019\u00e9cole est un chef d\u2019entreprise, donc responsable. Il n\u2019est pas souhaitable que certains envisagent de boycotter les examens nationaux. L\u2019\u00c9tat a consenti de nombreux efforts. Je vous invite \u00e0 la retenue et au dialogue \u00bb, a d\u00e9clar\u00e9 Mariatou Kon\u00e9.<\/p>\n<p>Dans une perspective de gestion durable des crises, la ministre a annonc\u00e9 la mise en place, dans les semaines \u00e0 venir, d\u2019un cadre de concertation p\u00e9riodique entre les repr\u00e9sentants des \u00e9tablissements priv\u00e9s et les syndicats du secteur.  Ce cadre de concertation a pour objectif d\u2019anticiper et pr\u00e9venir les crises par le dialogue.<\/p>\n<p>La d\u00e9l\u00e9gation des fondateurs s\u2019est dite satisfaite de l\u2019\u00e9coute et des engagements de la ministre. <\/p>\n<p> .<\/p>\n<p>Olivier Dion avec G\u00e9rard Batoua<\/p>\n","protected":false},"excerpt":{"rendered":"<p>Les fondateurs des \u00e9tablissements priv\u00e9s la\u00efcs de C\u00f4te d\u2019Ivoire ont \u00e9t\u00e9 re\u00e7us en concertation par la ministre de l\u2019\u00c9ducation nationale et de l\u2019Alphab\u00e9tisation , Mariatou Kon\u00e9. Une rencontre de plus de quatre heures s\u2019est tenue dans les locaux du minist\u00e8re le mercredi 23 avril 2025. Ibrahim Karamoko, responsable de la fa\u00eeti\u00e8re des \u00e9tablissements priv\u00e9s la\u00efcs, [&hellip;]<\/p>\n","protected":false},"author":4,"featured_media":37915,"comment_status":"closed","ping_status":"closed","sticky":false,"template":"","format":"standard","meta":{"_monsterinsights_skip_tracking":false,"_monsterinsights_sitenote_active":false,"_monsterinsights_sitenote_note":"","_monsterinsights_sitenote_category":0,"footnotes":""},"categories":[2,3],"tags":[900,4687,5026,376],"class_list":["post-37914","post","type-post","status-publish","format-standard","has-post-thumbnail","hentry","category-featured","category-societe","tag-dialogue","tag-etablissements-prives","tag-fondateurs","tag-mariatou-kone"],"_links":{"self":[{"href":"https:\/\/www.lintelligentdabidjan.info\/news\/wp-json\/wp\/v2\/posts\/37914","targetHints":{"allow":["GET"]}}],"collection":[{"href":"https:\/\/www.lintelligentdabidjan.info\/news\/wp-json\/wp\/v2\/posts"}],"about":[{"href":"https:\/\/www.lintelligentdabidjan.info\/news\/wp-json\/wp\/v2\/types\/post"}],"author":[{"embeddable":true,"href":"https:\/\/www.lintelligentdabidjan.info\/news\/wp-json\/wp\/v2\/users\/4"}],"replies":[{"embeddable":true,"href":"https:\/\/www.lintelligentdabidjan.info\/news\/wp-json\/wp\/v2\/comments?post=37914"}],"version-history":[{"count":1,"href":"https:\/\/www.lintelligentdabidjan.info\/news\/wp-json\/wp\/v2\/posts\/37914\/revisions"}],"predecessor-version":[{"id":37916,"href":"https:\/\/www.lintelligentdabidjan.info\/news\/wp-json\/wp\/v2\/posts\/37914\/revisions\/37916"}],"wp:featuredmedia":[{"embeddable":true,"href":"https:\/\/www.lintelligentdabidjan.info\/news\/wp-json\/wp\/v2\/media\/37915"}],"wp:attachment":[{"href":"https:\/\/www.lintelligentdabidjan.info\/news\/wp-json\/wp\/v2\/media?parent=37914"}],"wp:term":[{"taxonomy":"category","embeddable":true,"href":"https:\/\/www.lintelligentdabidjan.info\/news\/wp-json\/wp\/v2\/categories?post=37914"},{"taxonomy":"post_tag","embeddable":true,"href":"https:\/\/www.lintelligentdabidjan.info\/news\/wp-json\/wp\/v2\/tags?post=37914"}],"curies":[{"name":"wp","href":"https:\/\/api.w.org\/{rel}","templated":true}]}}