{"id":37920,"date":"2025-04-25T07:18:55","date_gmt":"2025-04-25T05:18:55","guid":{"rendered":"https:\/\/www.lintelligentdabidjan.info\/news\/?p=37920"},"modified":"2025-04-25T07:18:59","modified_gmt":"2025-04-25T05:18:59","slug":"lintelligent-en-pdf-radiation-de-la-liste-electorale-comment-la-justice-a-traite-les-arguments-de-thiam","status":"publish","type":"post","link":"https:\/\/www.lintelligentdabidjan.info\/news\/lintelligent-en-pdf-radiation-de-la-liste-electorale-comment-la-justice-a-traite-les-arguments-de-thiam\/","title":{"rendered":"L&#8217;Intelligent en PDF:   Radiation de la liste \u00e9lectorale    Comment la justice a  trait\u00e9 les arguments de Thiam"},"content":{"rendered":"<p><strong>Dans l\u2019affaire relative \u00e0 la contestation de l\u2019inscription de Monsieur Cheick Tidjane Thiam sur la liste \u00e9lectorale provisoire de 2025, le tribunal a proc\u00e9d\u00e9 \u00e0 une analyse des textes de loi applicables. Il a \u00e9galement pris en compte les pi\u00e8ces fournies au dossier, par les parties en pr\u00e9sence. La d\u00e9cision rendue \u00e9carte notamment l\u2019ensemble des moyens soulev\u00e9s par les conseils de Monsieur Tidjane Thiam, tout en se pliant aux moyens et arguments des plaignants. Comment cela s\u2019est t-il pass\u00e9 ? <\/strong><\/p>\n<p>Article \u00e0 d\u00e9couvrir dans vos kiosques et en ligne sur&#8230;<\/p>\n<p><a href=\"https:\/\/news.abidjan.net\/titrologie\/39-lintelligent-dabidjan\/articles\" target=\"_blank\">https:\/\/news.abidjan.net\/titrologie\/39-lintelligent-dabidjan\/articles<\/a><\/p>\n<p>\u00c0 lire aussi le compte rendu du point de presse du Rhdp suite \u00e0 la radiation de Thiam de la liste \u00e9lectorale, \u200eBirahima Ouattara et Michael Langley \u00e9changent sur le terrorisme, la s\u00e9curit\u00e9 et l&#8217;US AID , Konan Payne, Bamba Karamoko et David Youant parlent de l&#8217;acc\u00e8s \u00e0 l&#8217;information publique, Anne Ouloto \u00e0 propos de la Fonction publique : \u00ab On ne paie pas pour rentrer \u00bb, Gilbert Kafana Kon\u00e9, en visite sur le site des travaux entrepris au Banco par le District Autonome d\u2019Abidjan , Ce que Meambly demande \u00e0 son p\u00e8re Ouattara dans une lettre ouverte au chef de l\u2019\u00c9tat , l&#8217;ouverture par Ti\u00e9moko Kon\u00e9 de l&#8217;Academie de la Bonne Gouvernance et Anti-Corruption<\/p>\n<p>Cliquez pour les d\u00e9tails<\/p>\n<p><a href=\"https:\/\/www.afrikipresse.fr\/abonnement\" target=\"_blank\">https:\/\/www.afrikipresse.fr\/abonnement<\/a><\/p>\n<p>\u00c0 voir \u00e9galement Kalil Konat\u00e9 et les d\u00e9put\u00e9s pour un cadre plus s\u00e9curis\u00e9 de la Cyberd\u00e9fense et des \u00e9changes \u00e9lectroniques, \u200eQuipux Afrique et la DPSSR dressent leur bilan pour la mobilit\u00e9 urbaine et s\u00e9curit\u00e9 routi\u00e8re.<\/p>\n<p><a href=\"https:\/\/www.pressecotedivoire.fr\/titrologie\" target=\"_blank\">https:\/\/www.pressecotedivoire.fr\/titrologie<\/a><\/p>\n","protected":false},"excerpt":{"rendered":"<p>Dans l\u2019affaire relative \u00e0 la contestation de l\u2019inscription de Monsieur Cheick Tidjane Thiam sur la liste \u00e9lectorale provisoire de 2025, le tribunal a proc\u00e9d\u00e9 \u00e0 une analyse des textes de loi applicables. Il a \u00e9galement pris en compte les pi\u00e8ces fournies au dossier, par les parties en pr\u00e9sence. La d\u00e9cision rendue \u00e9carte notamment l\u2019ensemble des [&hellip;]<\/p>\n","protected":false},"author":4,"featured_media":37921,"comment_status":"closed","ping_status":"closed","sticky":false,"template":"","format":"standard","meta":{"_monsterinsights_skip_tracking":false,"_monsterinsights_sitenote_active":false,"_monsterinsights_sitenote_note":"","_monsterinsights_sitenote_category":0,"footnotes":""},"categories":[2,3],"tags":[],"class_list":["post-37920","post","type-post","status-publish","format-standard","has-post-thumbnail","hentry","category-featured","category-societe"],"_links":{"self":[{"href":"https:\/\/www.lintelligentdabidjan.info\/news\/wp-json\/wp\/v2\/posts\/37920","targetHints":{"allow":["GET"]}}],"collection":[{"href":"https:\/\/www.lintelligentdabidjan.info\/news\/wp-json\/wp\/v2\/posts"}],"about":[{"href":"https:\/\/www.lintelligentdabidjan.info\/news\/wp-json\/wp\/v2\/types\/post"}],"author":[{"embeddable":true,"href":"https:\/\/www.lintelligentdabidjan.info\/news\/wp-json\/wp\/v2\/users\/4"}],"replies":[{"embeddable":true,"href":"https:\/\/www.lintelligentdabidjan.info\/news\/wp-json\/wp\/v2\/comments?post=37920"}],"version-history":[{"count":1,"href":"https:\/\/www.lintelligentdabidjan.info\/news\/wp-json\/wp\/v2\/posts\/37920\/revisions"}],"predecessor-version":[{"id":37922,"href":"https:\/\/www.lintelligentdabidjan.info\/news\/wp-json\/wp\/v2\/posts\/37920\/revisions\/37922"}],"wp:featuredmedia":[{"embeddable":true,"href":"https:\/\/www.lintelligentdabidjan.info\/news\/wp-json\/wp\/v2\/media\/37921"}],"wp:attachment":[{"href":"https:\/\/www.lintelligentdabidjan.info\/news\/wp-json\/wp\/v2\/media?parent=37920"}],"wp:term":[{"taxonomy":"category","embeddable":true,"href":"https:\/\/www.lintelligentdabidjan.info\/news\/wp-json\/wp\/v2\/categories?post=37920"},{"taxonomy":"post_tag","embeddable":true,"href":"https:\/\/www.lintelligentdabidjan.info\/news\/wp-json\/wp\/v2\/tags?post=37920"}],"curies":[{"name":"wp","href":"https:\/\/api.w.org\/{rel}","templated":true}]}}