{"id":37963,"date":"2025-04-28T07:07:18","date_gmt":"2025-04-28T05:07:18","guid":{"rendered":"https:\/\/www.lintelligentdabidjan.info\/news\/?p=37963"},"modified":"2025-04-28T07:07:18","modified_gmt":"2025-04-28T05:07:18","slug":"prevention-en-matiere-de-securite-sociale-pr-yeboue-yves-appelle-a-lintegration-des-outils-numeriques","status":"publish","type":"post","link":"https:\/\/www.lintelligentdabidjan.info\/news\/prevention-en-matiere-de-securite-sociale-pr-yeboue-yves-appelle-a-lintegration-des-outils-numeriques\/","title":{"rendered":"Pr\u00e9vention en mati\u00e8re de s\u00e9curit\u00e9 sociale-  Pr Y\u00e9bou\u00e9 Yves appelle \u00e0 l&#8217;int\u00e9gration des outils num\u00e9riques"},"content":{"rendered":"<p><em><strong>La cl\u00f4ture de la 29\u00e8 \u00e9dition de la Journ\u00e9e Africaine de la Pr\u00e9vention des Risques Professionnels (Japrp) et de la 23\u1d49 Journ\u00e9e Mondiale de la S\u00e9curit\u00e9 et de la Sant\u00e9 au  23\u00e8 journ\u00e9e Travail (Jmsst) s\u2019est d\u00e9roul\u00e9e le vendredi 25 avril 2025 \u00e0 l\u2019auditorium de la pr\u00e9voyance sociale de l\u2019immeuble Cnps d\u2019Abidjan-Plateau.<\/strong><\/em><\/p>\n<p>Lors de la cl\u00f4ture de ces journ\u00e9es , le directeur de la pr\u00e9vention et de la promotion de la s\u00e9curit\u00e9 et de la sant\u00e9 au travail de la Caisse nationale de pr\u00e9voyance sociale (Cnps), Professeur Y\u00e9bou\u00e9 Yves a indiqu\u00e9 que les th\u00e9matiques  propos\u00e9es ont permis d\u2019ouvrir le d\u00e9bat sur des enjeux majeurs et actuels, \u00e0 savoir la pr\u00e9vention des risques professionnels \u00e0 l&#8217;\u00e9preuve de la transformation num\u00e9rique et des mutations technologiques, opportunit\u00e9s, d\u00e9fis et strat\u00e9gies d&#8217;adaptation. Ensuite, de r\u00e9volutionner la s\u00e9curit\u00e9 et la sant\u00e9, le r\u00f4le de l&#8217;intelligence artificielle et de la num\u00e9risation au travail. \u00ab Nous avons \u00e9galement examin\u00e9, avec une attention particuli\u00e8re, la probl\u00e9matique de la pr\u00e9vention et la prise en charge des intoxications alimentaires en milieu professionnel, un sujet de sant\u00e9 publique aux r\u00e9percussions multiples en termes de sant\u00e9 et s\u00e9curit\u00e9 au travail et de productivit\u00e9. La pr\u00e9vention ne saurait rester fig\u00e9e alors que le monde change. Elle doit \u00e9voluer, int\u00e9grer les outils de l&#8217;intelligence artificielle, les syst\u00e8mes de gestion automatis\u00e9s, les technologies de d\u00e9tection avanc\u00e9e des dangers, sans jamais oublier de laisser l&#8217;humain au centre des enjeux de ces nouvelles pr\u00e9occupations\u00bb, a-t-il d\u00e9clar\u00e9 .<\/p>\n<p>Il a soulign\u00e9 que leur ambition est de faire de la C\u00f4te d&#8217;Ivoire un mod\u00e8le en mati\u00e8re de s\u00e9curit\u00e9 et sant\u00e9 au travail. Toutefois, cela passe par l&#8217;innovation, la formation continue, la collaboration multicellulaire et l&#8217;appropriation des outils technologiques. \u00abJ\u2019invite chacun de nous, \u00e0 quelque niveau que ce soit, \u00e0 poursuivre les efforts d\u2019int\u00e9gration des outils de digitalisation dans la s\u00e9curit\u00e9 et la sant\u00e9 au travail. La pr\u00e9vention est l&#8217;affaire de tous, et c&#8217;est ensemble que nous devons \u0153uvrer afin que chaque travailleur exerce son activit\u00e9 dans un environnement s\u00fbr et salubre\u00bb, a affirm\u00e9 Professeur Y\u00e9bou\u00e9 Yves. <\/p>\n<p>Repr\u00e9sentant le ministre de l\u2019Emploi et de la Protection sociale, Coulibaly Kassoum, inspecteur g\u00e9n\u00e9ral dudit minist\u00e8re, s\u2019est dit convaincu que les \u00e9changes, les r\u00e9flexions et les partages d\u2019exp\u00e9riences qui ont jalonn\u00e9 ces journ\u00e9es ont permis de mieux appr\u00e9hender le r\u00f4le d\u00e9terminant que jouent la digitalisation et la num\u00e9risation dans la promotion de la s\u00e9curit\u00e9 et de la sant\u00e9 au travail. \u00ab J\u2019invite chacun d\u2019entre vous \u00e0 prolonger ces r\u00e9flexions dans vos diff\u00e9rents secteurs d\u2019activit\u00e9, afin de faire \u00e9merger des initiatives concr\u00e8tes, adapt\u00e9es \u00e0 nos contextes \u00bb, a-t-il d\u00e9clar\u00e9.<\/p>\n<p><strong>Olivier Dion avec A. Traor\u00e9 <\/strong><\/p>\n","protected":false},"excerpt":{"rendered":"<p>La cl\u00f4ture de la 29\u00e8 \u00e9dition de la Journ\u00e9e Africaine de la Pr\u00e9vention des Risques Professionnels (Japrp) et de la 23\u1d49 Journ\u00e9e Mondiale de la S\u00e9curit\u00e9 et de la Sant\u00e9 au 23\u00e8 journ\u00e9e Travail (Jmsst) s\u2019est d\u00e9roul\u00e9e le vendredi 25 avril 2025 \u00e0 l\u2019auditorium de la pr\u00e9voyance sociale de l\u2019immeuble Cnps d\u2019Abidjan-Plateau. Lors de la [&hellip;]<\/p>\n","protected":false},"author":4,"featured_media":37964,"comment_status":"closed","ping_status":"closed","sticky":false,"template":"","format":"standard","meta":{"_monsterinsights_skip_tracking":false,"_monsterinsights_sitenote_active":false,"_monsterinsights_sitenote_note":"","_monsterinsights_sitenote_category":0,"footnotes":""},"categories":[2,3],"tags":[],"class_list":["post-37963","post","type-post","status-publish","format-standard","has-post-thumbnail","hentry","category-featured","category-societe"],"_links":{"self":[{"href":"https:\/\/www.lintelligentdabidjan.info\/news\/wp-json\/wp\/v2\/posts\/37963","targetHints":{"allow":["GET"]}}],"collection":[{"href":"https:\/\/www.lintelligentdabidjan.info\/news\/wp-json\/wp\/v2\/posts"}],"about":[{"href":"https:\/\/www.lintelligentdabidjan.info\/news\/wp-json\/wp\/v2\/types\/post"}],"author":[{"embeddable":true,"href":"https:\/\/www.lintelligentdabidjan.info\/news\/wp-json\/wp\/v2\/users\/4"}],"replies":[{"embeddable":true,"href":"https:\/\/www.lintelligentdabidjan.info\/news\/wp-json\/wp\/v2\/comments?post=37963"}],"version-history":[{"count":1,"href":"https:\/\/www.lintelligentdabidjan.info\/news\/wp-json\/wp\/v2\/posts\/37963\/revisions"}],"predecessor-version":[{"id":37965,"href":"https:\/\/www.lintelligentdabidjan.info\/news\/wp-json\/wp\/v2\/posts\/37963\/revisions\/37965"}],"wp:featuredmedia":[{"embeddable":true,"href":"https:\/\/www.lintelligentdabidjan.info\/news\/wp-json\/wp\/v2\/media\/37964"}],"wp:attachment":[{"href":"https:\/\/www.lintelligentdabidjan.info\/news\/wp-json\/wp\/v2\/media?parent=37963"}],"wp:term":[{"taxonomy":"category","embeddable":true,"href":"https:\/\/www.lintelligentdabidjan.info\/news\/wp-json\/wp\/v2\/categories?post=37963"},{"taxonomy":"post_tag","embeddable":true,"href":"https:\/\/www.lintelligentdabidjan.info\/news\/wp-json\/wp\/v2\/tags?post=37963"}],"curies":[{"name":"wp","href":"https:\/\/api.w.org\/{rel}","templated":true}]}}