{"id":37973,"date":"2025-04-28T07:28:53","date_gmt":"2025-04-28T05:28:53","guid":{"rendered":"https:\/\/www.lintelligentdabidjan.info\/news\/?p=37973"},"modified":"2025-04-28T07:29:02","modified_gmt":"2025-04-28T05:29:02","slug":"lintelligent-en-pdf-djegueya-festivalinvest-in-denguele-paris-gagnants","status":"publish","type":"post","link":"https:\/\/www.lintelligentdabidjan.info\/news\/lintelligent-en-pdf-djegueya-festivalinvest-in-denguele-paris-gagnants\/","title":{"rendered":"L&#8217;Intelligent en PDF:   Djegueya Festival,Invest in Dengu\u00e9l\u00e9    Paris gagnants"},"content":{"rendered":"<p><strong>La troisi\u00e8me \u00e9dition du Djegu\u00e9ya festival d\u2019Odienn\u00e9 s&#8217;est tenue du vendredi 25 au dimanche 27 avril 2025. Initiative du ministre, gouverneur Gaoussou Tour\u00e9, Commissaire g\u00e9n\u00e9ral principal, le festival a propos\u00e9 un programme d&#8217;activit\u00e9s encore plus enrichi, avec la tenue du Forum d\u2019affaires \u00ab Invest in Dengu\u00e9l\u00e9 \u00bb. <\/strong><\/p>\n<p>Comment s&#8217;est d\u00e9roul\u00e9 le Djegu\u00e9ya festival d\u2019Odienn\u00e9?<\/p>\n<p>Article \u00e0 d\u00e9couvrir dans vos kiosques et en ligne sur&#8230;<\/p>\n<p><a href=\"https:\/\/news.abidjan.net\/titrologie\/39-lintelligent-dabidjan\/articles\" target=\"_blank\">https:\/\/news.abidjan.net\/titrologie\/39-lintelligent-dabidjan\/articles<\/a><\/p>\n<p>\u00c0 lire \u00e9galement Kon\u00e9 Mamadou (UJ-RHDP): &#8221; Voici ceux qui nous trouveront sur leur chemin&#8221;, Ce que le PPA-CI a d\u00e9cid\u00e9 Samedi au niveau des \u00e9lections apais\u00e9es, CEI, Pdci&#8230; L&#8217;appel d&#8217; Harlette Badou aux femmes du Rhdp, Le message de Ciss\u00e9 Bacongo aux militants du PDCI suite \u00e0 la radiation de Thiam, Anne Ouloto et T\u00e9n\u00e9 Birahima Ouattara parlent du Bapt\u00eame de la 59e promotion de l&#8217;ENA, Mamadou Tour\u00e9, Ahoussou et Goudou font le point de l&#8217;appui aux jeunes dans le B\u00e9lier.<\/p>\n<p>Cliquez pour les d\u00e9tails<\/p>\n<p><a href=\"https:\/\/www.afrikipresse.fr\/abonnement\" target=\"_blank\">https:\/\/www.afrikipresse.fr\/abonnement<\/a><\/p>\n<p>\u00c0 voir aussi les recommandations de Sidi Tour\u00e9 \u00e0 la 11\u00e8me Session ordinaire de la Comhafat et Beugr\u00e9 Mamb\u00e9 au Sila 2025 entre po\u00e9sie et foi \u00e0 travers \u00ab Voiles \u00bb et \u00ab Une affaire de place \u00bb<\/p>\n<p><a href=\"https:\/\/www.pressecotedivoire.ci\/titrologie\" target=\"_blank\">https:\/\/www.pressecotedivoire.ci\/titrologie<\/a><\/p>\n","protected":false},"excerpt":{"rendered":"<p>La troisi\u00e8me \u00e9dition du Djegu\u00e9ya festival d\u2019Odienn\u00e9 s&#8217;est tenue du vendredi 25 au dimanche 27 avril 2025. Initiative du ministre, gouverneur Gaoussou Tour\u00e9, Commissaire g\u00e9n\u00e9ral principal, le festival a propos\u00e9 un programme d&#8217;activit\u00e9s encore plus enrichi, avec la tenue du Forum d\u2019affaires \u00ab Invest in Dengu\u00e9l\u00e9 \u00bb. Comment s&#8217;est d\u00e9roul\u00e9 le Djegu\u00e9ya festival d\u2019Odienn\u00e9? Article [&hellip;]<\/p>\n","protected":false},"author":4,"featured_media":37975,"comment_status":"closed","ping_status":"closed","sticky":false,"template":"","format":"standard","meta":{"_monsterinsights_skip_tracking":false,"_monsterinsights_sitenote_active":false,"_monsterinsights_sitenote_note":"","_monsterinsights_sitenote_category":0,"footnotes":""},"categories":[2,3],"tags":[],"class_list":["post-37973","post","type-post","status-publish","format-standard","has-post-thumbnail","hentry","category-featured","category-societe"],"_links":{"self":[{"href":"https:\/\/www.lintelligentdabidjan.info\/news\/wp-json\/wp\/v2\/posts\/37973","targetHints":{"allow":["GET"]}}],"collection":[{"href":"https:\/\/www.lintelligentdabidjan.info\/news\/wp-json\/wp\/v2\/posts"}],"about":[{"href":"https:\/\/www.lintelligentdabidjan.info\/news\/wp-json\/wp\/v2\/types\/post"}],"author":[{"embeddable":true,"href":"https:\/\/www.lintelligentdabidjan.info\/news\/wp-json\/wp\/v2\/users\/4"}],"replies":[{"embeddable":true,"href":"https:\/\/www.lintelligentdabidjan.info\/news\/wp-json\/wp\/v2\/comments?post=37973"}],"version-history":[{"count":1,"href":"https:\/\/www.lintelligentdabidjan.info\/news\/wp-json\/wp\/v2\/posts\/37973\/revisions"}],"predecessor-version":[{"id":37976,"href":"https:\/\/www.lintelligentdabidjan.info\/news\/wp-json\/wp\/v2\/posts\/37973\/revisions\/37976"}],"wp:featuredmedia":[{"embeddable":true,"href":"https:\/\/www.lintelligentdabidjan.info\/news\/wp-json\/wp\/v2\/media\/37975"}],"wp:attachment":[{"href":"https:\/\/www.lintelligentdabidjan.info\/news\/wp-json\/wp\/v2\/media?parent=37973"}],"wp:term":[{"taxonomy":"category","embeddable":true,"href":"https:\/\/www.lintelligentdabidjan.info\/news\/wp-json\/wp\/v2\/categories?post=37973"},{"taxonomy":"post_tag","embeddable":true,"href":"https:\/\/www.lintelligentdabidjan.info\/news\/wp-json\/wp\/v2\/tags?post=37973"}],"curies":[{"name":"wp","href":"https:\/\/api.w.org\/{rel}","templated":true}]}}