{"id":37989,"date":"2025-04-29T06:57:49","date_gmt":"2025-04-29T04:57:49","guid":{"rendered":"https:\/\/www.lintelligentdabidjan.info\/news\/?p=37989"},"modified":"2025-04-29T06:57:54","modified_gmt":"2025-04-29T04:57:54","slug":"uj-rhdp-namory-traore-officiellement-investi-president-regional-de-cocody","status":"publish","type":"post","link":"https:\/\/www.lintelligentdabidjan.info\/news\/uj-rhdp-namory-traore-officiellement-investi-president-regional-de-cocody\/","title":{"rendered":"UJ-RHDP-  Namory Traor\u00e9 officiellement investi pr\u00e9sident r\u00e9gional de Cocody"},"content":{"rendered":"<p><em><strong>Le samedi 26 avril 2025, Namory Traor\u00e9 a \u00e9t\u00e9 officiellement investi pr\u00e9sident r\u00e9gional de l\u2019Union des Jeunes du RHDP (UJ-RHDP) pour la commune de Cocody.<\/strong><\/em><\/p>\n<p>La c\u00e9r\u00e9monie s\u2019est d\u00e9roul\u00e9e au si\u00e8ge de la coordination, au carrefour des Oscars, en pr\u00e9sence de nombreuses personnalit\u00e9s, dont Ciss\u00e9 Vacaba et Ousmane Coulibaly, coordonnateurs adjoints,  de Dao Abroulaye, directeur de cabinet, ainsi que Seka Cl\u00e9ment, chef de cabinet de la coordination.<\/p>\n<p>Prenant la parole apr\u00e8s son investiture, Namory Traor\u00e9 a exprim\u00e9 sa profonde reconnaissance au Coordonnateur r\u00e9gional, \u00c9ric Taba, pour la confiance plac\u00e9e en lui. <\/p>\n<p>Il a soulign\u00e9 la lourde responsabilit\u00e9 qui lui incombe : dynamiser la jeunesse de Cocody pour soutenir la r\u00e9\u00e9lection du Pr\u00e9sident Alassane Ouattara lors de l\u2019\u00e9ch\u00e9ance pr\u00e9sidentielle de 2025. <\/p>\n<p>Il a \u00e9galement insist\u00e9 sur les efforts d\u00e9j\u00e0 engag\u00e9s pour remobiliser et sensibiliser les jeunes, t\u00e9moignant de l&#8217;engouement croissant pour le RHDP dans la commune. <\/p>\n<p>Il a enfin exhort\u00e9 l\u2019ensemble des militants et responsables locaux \u00e0 renforcer leur mobilisation pour faire de Cocody un bastion imprenable du parti.<\/p>\n<p>De son c\u00f4t\u00e9, Kon\u00e9 Mamadou, Pr\u00e9sident National de l\u2019UJ-RHDP, a pr\u00e9cis\u00e9 que cette c\u00e9r\u00e9monie d\u2019investiture s\u2019inscrit dans un vaste programme d\u2019installation des responsables jeunes \u00e0 travers le pays, en vue des \u00e9lections \u00e0 venir. Selon lui, il s&#8217;agit de mettre la jeunesse en mission pour garantir, d\u00e8s le premier tour, la victoire du Pr\u00e9sident Alassane Ouattara. \u00ab Nos jeunes iront dans tous les quartiers, hameaux et villages de Cocody porter le message du Bureau National et du parti \u00bb, a-t-il affirm\u00e9, rassurant la haute direction sur la d\u00e9termination et la mobilisation continue des jeunes jusqu\u2019au soir du scrutin.<\/p>\n<p>Repr\u00e9sentant la marraine de la c\u00e9r\u00e9monie, Madame Kanat\u00e9, le secr\u00e9taire d\u00e9partemental de la Riviera, Traor\u00e9 Yaya, a f\u00e9licit\u00e9 Namory Traor\u00e9 pour son engagement, lui adressant ses v\u0153ux de succ\u00e8s dans cette nouvelle mission.<\/p>\n<p>Pour sa part, C\u00e9lestin Koalla a r\u00e9affirm\u00e9 son soutien \u00e0 Namory Traor\u00e9 et \u00e0 son \u00e9quipe. Il a transmis les encouragements de Ciss\u00e9 Bacongo, qui appelle les jeunes \u00e0 poursuivre sans rel\u00e2che le travail de terrain, en particulier lors de la phase strat\u00e9gique du parrainage citoyen. <\/p>\n<p>Il a rappel\u00e9 que le RHDP domine actuellement l\u2019\u00e9chiquier politique national avec 54 % des si\u00e8ges \u00e0 l\u2019Assembl\u00e9e nationale, 61 % des mairies et 81 % des conseils r\u00e9gionaux.<\/p>\n<p>C\u00e9lestin Koalla a \u00e9galement pr\u00e9cis\u00e9 que tous les moyens n\u00e9cessaires seront mis \u00e0 disposition des \u00e9quipes de Cocody pour mener \u00e0 bien leur mission, les invitant \u00e0 une organisation rigoureuse et \u00e0 un investissement total sur le terrain.<\/p>\n<p>Enfin, il a tenu \u00e0 rendre un vibrant hommage \u00e0 \u00c9ric Taba, saluant son engagement et la confiance que lui t\u00e9moigne la haute direction du RHDP, tout en pr\u00e9cisant que son absence \u00e0 la c\u00e9r\u00e9monie \u00e9tait due \u00e0 un agenda particuli\u00e8rement charg\u00e9.<\/p>\n<p><strong>Beker Yao <\/strong><\/p>\n","protected":false},"excerpt":{"rendered":"<p>Le samedi 26 avril 2025, Namory Traor\u00e9 a \u00e9t\u00e9 officiellement investi pr\u00e9sident r\u00e9gional de l\u2019Union des Jeunes du RHDP (UJ-RHDP) pour la commune de Cocody. La c\u00e9r\u00e9monie s\u2019est d\u00e9roul\u00e9e au si\u00e8ge de la coordination, au carrefour des Oscars, en pr\u00e9sence de nombreuses personnalit\u00e9s, dont Ciss\u00e9 Vacaba et Ousmane Coulibaly, coordonnateurs adjoints, de Dao Abroulaye, directeur [&hellip;]<\/p>\n","protected":false},"author":4,"featured_media":37990,"comment_status":"closed","ping_status":"closed","sticky":false,"template":"","format":"standard","meta":{"footnotes":""},"categories":[2,17],"tags":[5051,5050,5052,3120],"class_list":["post-37989","post","type-post","status-publish","format-standard","has-post-thumbnail","hentry","category-featured","category-politique","tag-investi","tag-namory-traore","tag-president-regional-de-cocody","tag-uj-rhdp"],"_links":{"self":[{"href":"https:\/\/www.lintelligentdabidjan.info\/news\/wp-json\/wp\/v2\/posts\/37989","targetHints":{"allow":["GET"]}}],"collection":[{"href":"https:\/\/www.lintelligentdabidjan.info\/news\/wp-json\/wp\/v2\/posts"}],"about":[{"href":"https:\/\/www.lintelligentdabidjan.info\/news\/wp-json\/wp\/v2\/types\/post"}],"author":[{"embeddable":true,"href":"https:\/\/www.lintelligentdabidjan.info\/news\/wp-json\/wp\/v2\/users\/4"}],"replies":[{"embeddable":true,"href":"https:\/\/www.lintelligentdabidjan.info\/news\/wp-json\/wp\/v2\/comments?post=37989"}],"version-history":[{"count":1,"href":"https:\/\/www.lintelligentdabidjan.info\/news\/wp-json\/wp\/v2\/posts\/37989\/revisions"}],"predecessor-version":[{"id":37991,"href":"https:\/\/www.lintelligentdabidjan.info\/news\/wp-json\/wp\/v2\/posts\/37989\/revisions\/37991"}],"wp:featuredmedia":[{"embeddable":true,"href":"https:\/\/www.lintelligentdabidjan.info\/news\/wp-json\/wp\/v2\/media\/37990"}],"wp:attachment":[{"href":"https:\/\/www.lintelligentdabidjan.info\/news\/wp-json\/wp\/v2\/media?parent=37989"}],"wp:term":[{"taxonomy":"category","embeddable":true,"href":"https:\/\/www.lintelligentdabidjan.info\/news\/wp-json\/wp\/v2\/categories?post=37989"},{"taxonomy":"post_tag","embeddable":true,"href":"https:\/\/www.lintelligentdabidjan.info\/news\/wp-json\/wp\/v2\/tags?post=37989"}],"curies":[{"name":"wp","href":"https:\/\/api.w.org\/{rel}","templated":true}]}}