{"id":37992,"date":"2025-04-29T07:02:12","date_gmt":"2025-04-29T05:02:12","guid":{"rendered":"https:\/\/www.lintelligentdabidjan.info\/news\/?p=37992"},"modified":"2025-04-29T07:02:16","modified_gmt":"2025-04-29T05:02:16","slug":"filiere-cafe-cacao-le-synapci-confirme-son-adhesion-a-lonpcc-ci-pour-defendre-les-interets-des-producteurs","status":"publish","type":"post","link":"https:\/\/www.lintelligentdabidjan.info\/news\/filiere-cafe-cacao-le-synapci-confirme-son-adhesion-a-lonpcc-ci-pour-defendre-les-interets-des-producteurs\/","title":{"rendered":"Fili\u00e8re Caf\u00e9-Cacao :  Le SYNAPCI confirme son adh\u00e9sion \u00e0 l\u2019ONPCC-CI pour d\u00e9fendre les int\u00e9r\u00eats des producteurs"},"content":{"rendered":"<p><em><strong>Le Syndicat National Agricole pour le Progr\u00e8s en C\u00f4te d\u2019Ivoire (SYNAPCI) a r\u00e9affirm\u00e9, le samedi 26 avril 2025, son engagement aux c\u00f4t\u00e9s de l\u2019Organisation Nationale des producteurs Caf\u00e9-Cacao de C\u00f4te d\u2019Ivoire (ONPCC-CI).<\/strong><\/em><\/p>\n<p>Cette d\u00e9cision strat\u00e9gique vise \u00e0 soutenir la cr\u00e9ation effective d&#8217;une interprofession forte et repr\u00e9sentative dans la fili\u00e8re caf\u00e9-cacao, pilier de l&#8217;\u00e9conomie ivoirienne.<\/p>\n<p>R\u00e9unis au centre culturel municipal   de Daloa, \u00e0 l\u2019appel de leur pr\u00e9sident national, Kon\u00e9 Moussa, plusieurs d\u00e9l\u00e9gu\u00e9s syndicaux ainsi que des producteurs venus de diff\u00e9rentes r\u00e9gions du pays ont marqu\u00e9 leur adh\u00e9sion \u00e0 cette dynamique.<\/p>\n<p>Dans son allocution, Kon\u00e9 Moussa a lanc\u00e9 un appel solennel aux membres du syndicat afin de rejoindre massivement l&#8217;ONPCC-CI. \u00ab Nous avons d\u00e9cid\u00e9 de mobiliser nos membres, nos d\u00e9l\u00e9gu\u00e9s, nos secr\u00e9taires de section et nos comit\u00e9s de base pour sensibiliser les producteurs et leur faire comprendre l\u2019importance de cette adh\u00e9sion \u00bb, a-t-il expliqu\u00e9 devant l\u2019assembl\u00e9e.<\/p>\n<p>Pour le pr\u00e9sident du SYNAPCI, l\u2019\u00e9tablissement de l\u2019interprofession permettra aux producteurs d\u2019avoir enfin une voix pr\u00e9pond\u00e9rante dans la gouvernance de leur fili\u00e8re.<\/p>\n<p>Il s&#8217;agit notamment de participer activement \u00e0 des d\u00e9cisions importantes  telles que la fixation des prix d\u2019achat, la gestion des produits agricoles et l\u2019entretien des infrastructures rurales. \u00ab Ce principe de cogestion est acquis depuis plusieurs ann\u00e9es, mais sa concr\u00e9tisation tarde. Il est temps que les producteurs soient v\u00e9ritablement repr\u00e9sent\u00e9s et d\u00e9fendus \u00bb, a insist\u00e9 Kon\u00e9 Moussa.<\/p>\n<p>Blond\u00e9 Obed, vice-pr\u00e9sident de l\u2019ONPCC-CI, au nom du pr\u00e9sident Diakit\u00e9 Siaka  a soulign\u00e9 l\u2019importance de la mobilisation actuelle.<\/p>\n<p>Selon lui, les anciennes structures ne repr\u00e9sentaient qu\u2019une minorit\u00e9 de producteurs. Aujourd&#8217;hui, pr\u00e8s de 786 000 producteurs ont d\u00e9j\u00e0 sign\u00e9 les listes d\u2019adh\u00e9sion, t\u00e9moignant d&#8217;une volont\u00e9 collective de changement.<\/p>\n<p>Il a \u00e9galement invit\u00e9 les producteurs \u00e0 saisir cette opportunit\u00e9 historique offerte par le gouvernement pour construire une interprofession forte, cr\u00e9dible et durable, capable de d\u00e9fendre efficacement les int\u00e9r\u00eats des acteurs de la base.<\/p>\n<p>Il a insist\u00e9 sur la n\u00e9cessit\u00e9 d\u2019\u00e9viter les querelles de leadership qui pourraient fragiliser l\u2019unit\u00e9 du secteur.<\/p>\n<p>La rencontre a \u00e9galement enregistr\u00e9 la pr\u00e9sence de plusieurs autorit\u00e9s locales invit\u00e9es pour l\u2019occasion.<\/p>\n<p><strong>Beker Yao<\/strong><\/p>\n","protected":false},"excerpt":{"rendered":"<p>Le Syndicat National Agricole pour le Progr\u00e8s en C\u00f4te d\u2019Ivoire (SYNAPCI) a r\u00e9affirm\u00e9, le samedi 26 avril 2025, son engagement aux c\u00f4t\u00e9s de l\u2019Organisation Nationale des producteurs Caf\u00e9-Cacao de C\u00f4te d\u2019Ivoire (ONPCC-CI). Cette d\u00e9cision strat\u00e9gique vise \u00e0 soutenir la cr\u00e9ation effective d&#8217;une interprofession forte et repr\u00e9sentative dans la fili\u00e8re caf\u00e9-cacao, pilier de l&#8217;\u00e9conomie ivoirienne. R\u00e9unis [&hellip;]<\/p>\n","protected":false},"author":4,"featured_media":37993,"comment_status":"closed","ping_status":"closed","sticky":false,"template":"","format":"standard","meta":{"_monsterinsights_skip_tracking":false,"_monsterinsights_sitenote_active":false,"_monsterinsights_sitenote_note":"","_monsterinsights_sitenote_category":0,"footnotes":""},"categories":[2,18],"tags":[1567,5053,5055,5054,2791,4665],"class_list":["post-37992","post","type-post","status-publish","format-standard","has-post-thumbnail","hentry","category-featured","category-economie","tag-adhesion","tag-filiere-cafe-cacao","tag-interets","tag-lonpcc-ci","tag-producteurs","tag-synapci"],"_links":{"self":[{"href":"https:\/\/www.lintelligentdabidjan.info\/news\/wp-json\/wp\/v2\/posts\/37992","targetHints":{"allow":["GET"]}}],"collection":[{"href":"https:\/\/www.lintelligentdabidjan.info\/news\/wp-json\/wp\/v2\/posts"}],"about":[{"href":"https:\/\/www.lintelligentdabidjan.info\/news\/wp-json\/wp\/v2\/types\/post"}],"author":[{"embeddable":true,"href":"https:\/\/www.lintelligentdabidjan.info\/news\/wp-json\/wp\/v2\/users\/4"}],"replies":[{"embeddable":true,"href":"https:\/\/www.lintelligentdabidjan.info\/news\/wp-json\/wp\/v2\/comments?post=37992"}],"version-history":[{"count":1,"href":"https:\/\/www.lintelligentdabidjan.info\/news\/wp-json\/wp\/v2\/posts\/37992\/revisions"}],"predecessor-version":[{"id":37994,"href":"https:\/\/www.lintelligentdabidjan.info\/news\/wp-json\/wp\/v2\/posts\/37992\/revisions\/37994"}],"wp:featuredmedia":[{"embeddable":true,"href":"https:\/\/www.lintelligentdabidjan.info\/news\/wp-json\/wp\/v2\/media\/37993"}],"wp:attachment":[{"href":"https:\/\/www.lintelligentdabidjan.info\/news\/wp-json\/wp\/v2\/media?parent=37992"}],"wp:term":[{"taxonomy":"category","embeddable":true,"href":"https:\/\/www.lintelligentdabidjan.info\/news\/wp-json\/wp\/v2\/categories?post=37992"},{"taxonomy":"post_tag","embeddable":true,"href":"https:\/\/www.lintelligentdabidjan.info\/news\/wp-json\/wp\/v2\/tags?post=37992"}],"curies":[{"name":"wp","href":"https:\/\/api.w.org\/{rel}","templated":true}]}}