{"id":37998,"date":"2025-04-29T07:09:11","date_gmt":"2025-04-29T05:09:11","guid":{"rendered":"https:\/\/www.lintelligentdabidjan.info\/news\/?p=37998"},"modified":"2025-04-29T07:09:18","modified_gmt":"2025-04-29T05:09:18","slug":"lintelligent-en-pdf-cote-divoire-49-ans-apres-le-plus-grand-hotel-de-ville-inaugure","status":"publish","type":"post","link":"https:\/\/www.lintelligentdabidjan.info\/news\/lintelligent-en-pdf-cote-divoire-49-ans-apres-le-plus-grand-hotel-de-ville-inaugure\/","title":{"rendered":"L&#8217;Intelligent en PDF:   C\u00f4te d&#8217;Ivoire &#8211; 49 ans apr\u00e8s  Le plus grand H\u00f4tel de Ville inaugur\u00e9"},"content":{"rendered":"<p><strong>Le Vice-pr\u00e9sident de la R\u00e9publique de C\u00f4te d\u2019Ivoire, Ti\u00e9moko Meyliet Kon\u00e9 a proc\u00e9d\u00e9 le lundi 28 avril 2025 \u00e0 l\u2019inauguration du plus grand et du plus beau H\u00f4tel de Ville du pays. La c\u00e9r\u00e9monie, qui s\u2019est d\u00e9roul\u00e9e sur l\u2019esplanade du Palais du Carnaval, a rassembl\u00e9 une foule nombreuse, compos\u00e9e des cadres de la r\u00e9gion et des habitants de la ville. Comment s&#8217;est d\u00e9roul\u00e9e la c\u00e9r\u00e9monie? <\/strong><\/p>\n<p>Article \u00e0 d\u00e9couvrir dans vos kiosques et en ligne sur&#8230;<\/p>\n<p><a href=\"https:\/\/news.abidjan.net\/titrologie\/39-lintelligent-dabidjan\/articles\" target=\"_blank\">https:\/\/news.abidjan.net\/titrologie\/39-lintelligent-dabidjan\/articles<\/a><\/p>\n<p>\u00c0 lire aussi Les v\u00e9rit\u00e9s de Kouam\u00e9 Yao Augustin apr\u00e8s la radiation de Thiam, Bredoumy et des avocats font des annonces suite \u00e0 cette situation,<\/p>\n<p>Gouvernement et syndicats d&#8217;accord hier pour mettre balle \u00e0 terre, Une base op\u00e9rationnelle \u00e0 Kahankro pour la lutte contre les feux de brousse, Bouak\u00e9 Fofana mat\u00e9rialise la vision de Ouattara avec l&#8217;eau potable pour tous \u00e0 Touba et Foungbesso, La DGI veut miser plus sur le renseignement dans le cadre du renforcement des recettes fiscales.<\/p>\n<p>Cliquez pour les d\u00e9tails<\/p>\n<p><a href=\"https:\/\/www.afrikipresse.fr\/abonnement\" target=\"_blank\">https:\/\/www.afrikipresse.fr\/abonnement<\/a><\/p>\n<p>\u00c0 voir \u00e9galement Le 147eme \u00e9tablissement sanitaire officiellement ouvert dans la r\u00e9gion du Gb\u00eak\u00ea et Amiral ENK2K est \u00e0 Yamoussoukro pour Comedy Festival<\/p>\n<p><a href=\"https:\/\/www.pressecotedivoire.ci\/titrologie\" target=\"_blank\">https:\/\/www.pressecotedivoire.ci\/titrologie<\/a><\/p>\n","protected":false},"excerpt":{"rendered":"<p>Le Vice-pr\u00e9sident de la R\u00e9publique de C\u00f4te d\u2019Ivoire, Ti\u00e9moko Meyliet Kon\u00e9 a proc\u00e9d\u00e9 le lundi 28 avril 2025 \u00e0 l\u2019inauguration du plus grand et du plus beau H\u00f4tel de Ville du pays. La c\u00e9r\u00e9monie, qui s\u2019est d\u00e9roul\u00e9e sur l\u2019esplanade du Palais du Carnaval, a rassembl\u00e9 une foule nombreuse, compos\u00e9e des cadres de la r\u00e9gion et [&hellip;]<\/p>\n","protected":false},"author":4,"featured_media":37999,"comment_status":"closed","ping_status":"closed","sticky":false,"template":"","format":"standard","meta":{"_monsterinsights_skip_tracking":false,"_monsterinsights_sitenote_active":false,"_monsterinsights_sitenote_note":"","_monsterinsights_sitenote_category":0,"footnotes":""},"categories":[2,3],"tags":[],"class_list":["post-37998","post","type-post","status-publish","format-standard","has-post-thumbnail","hentry","category-featured","category-societe"],"_links":{"self":[{"href":"https:\/\/www.lintelligentdabidjan.info\/news\/wp-json\/wp\/v2\/posts\/37998","targetHints":{"allow":["GET"]}}],"collection":[{"href":"https:\/\/www.lintelligentdabidjan.info\/news\/wp-json\/wp\/v2\/posts"}],"about":[{"href":"https:\/\/www.lintelligentdabidjan.info\/news\/wp-json\/wp\/v2\/types\/post"}],"author":[{"embeddable":true,"href":"https:\/\/www.lintelligentdabidjan.info\/news\/wp-json\/wp\/v2\/users\/4"}],"replies":[{"embeddable":true,"href":"https:\/\/www.lintelligentdabidjan.info\/news\/wp-json\/wp\/v2\/comments?post=37998"}],"version-history":[{"count":1,"href":"https:\/\/www.lintelligentdabidjan.info\/news\/wp-json\/wp\/v2\/posts\/37998\/revisions"}],"predecessor-version":[{"id":38000,"href":"https:\/\/www.lintelligentdabidjan.info\/news\/wp-json\/wp\/v2\/posts\/37998\/revisions\/38000"}],"wp:featuredmedia":[{"embeddable":true,"href":"https:\/\/www.lintelligentdabidjan.info\/news\/wp-json\/wp\/v2\/media\/37999"}],"wp:attachment":[{"href":"https:\/\/www.lintelligentdabidjan.info\/news\/wp-json\/wp\/v2\/media?parent=37998"}],"wp:term":[{"taxonomy":"category","embeddable":true,"href":"https:\/\/www.lintelligentdabidjan.info\/news\/wp-json\/wp\/v2\/categories?post=37998"},{"taxonomy":"post_tag","embeddable":true,"href":"https:\/\/www.lintelligentdabidjan.info\/news\/wp-json\/wp\/v2\/tags?post=37998"}],"curies":[{"name":"wp","href":"https:\/\/api.w.org\/{rel}","templated":true}]}}