{"id":380,"date":"2016-10-05T12:06:44","date_gmt":"2016-10-05T10:06:44","guid":{"rendered":"http:\/\/www.lintelligentdabidjan.info\/news\/?p=380"},"modified":"2016-10-05T16:22:37","modified_gmt":"2016-10-05T14:22:37","slug":"pascal-lafleuriel-dtn-de-football-avertit-pour-gagner-la-can-il-faut-battre-les-meilleures-equipes","status":"publish","type":"post","link":"https:\/\/www.lintelligentdabidjan.info\/news\/pascal-lafleuriel-dtn-de-football-avertit-pour-gagner-la-can-il-faut-battre-les-meilleures-equipes\/","title":{"rendered":"Pascal Lafleuriel (DTN de football) avertit : &#8220;Pour gagner la Can, il faut  battre les meilleures \u00e9quipes&#8221;"},"content":{"rendered":"<p>Le Directeur Technique National de football de C\u00f4te d\u2019Ivoire, Pascal Lafleuriel, a bien voulu dans cet entretien partager \u00e0 mi-parcours  le travail accompli, apr\u00e8s plus d\u2019un an de pr\u00e9sence au bord de la lagune Ebri\u00e9.<!--more--><\/p>\n<p><strong> Vous \u00eates en C\u00f4te d\u2019Ivoire depuis plus  d\u2019un an  en tant que   Directeur technique national de C\u00f4te d\u2019Ivoire.  Quel est votre regard sur  le football Ivoirien ?<\/strong><\/p>\n<p>En venant en C\u00f4te d\u2019Ivoire, je savais que je venais dans un grand pays de football.  Et cela s\u2019est  v\u00e9rifi\u00e9. La C\u00f4te d\u2019Ivoire est un grand pays de football, \u00e0 la hauteur de ce qui se dit  en Europe et dans le monde. C\u2019est vraiment un pays qui vit au rythme du football. Elle  regorge de jeunes talents. Chaque week-end,  quand je vais voir des jeunes jouer dans les communes d\u2019Abidjan, ce sont des jeunes joueurs de 11 \u00e0 14 ans de grande qualit\u00e9 avec un gros potentiel.  Cela confirme qu\u2019\u00e0 la fois, il y a du potentiel et que le C\u00f4te d\u2019Ivoire est un des meilleurs pays de football en Afrique.<\/p>\n<p><strong>Pouvez-vous nous d\u00e9finir exactement vos missions ? <\/strong><\/p>\n<p>Mes missions en tant que Directeur technique national consistent \u00e0 former les \u00e9ducateurs et les entra\u00eeneurs qui vont prendre en charge et accompagner les joueurs  en g\u00e9n\u00e9ral et ceux de la  Ligue 1 en particulier. De ce fait, ma premi\u00e8re id\u00e9e est de multiplier les formations des entra\u00eeneurs pour faire progresser encore plus l\u2019ensemble des entra\u00eeneurs qui \u00e9voluent dans l\u2019\u00e9lite du football ivoirien et former des \u00e9ducateurs pour accueillir  dans les meilleures conditions possibles tous les jeunes et les potentiels, \u00e9voqu\u00e9s. La deuxi\u00e8me grande mission, c\u2019est de mettre en place de mani\u00e8re sereine, structur\u00e9e et organis\u00e9e une pratique  de jeu pour les jeunes. Aussi,  une pratique de jeu  pour les seniors qui existe d\u00e9j\u00e0. La pratique du football chez les jeunes n\u2019est pas p\u00e9rennis\u00e9e. On n\u2019arrive pas \u00e0 installer de mani\u00e8re durable sur toute la saison des comp\u00e9titions pour les jeunes. Et les perspectives que nous visons, c\u2019est de pouvoir mettre en place des comp\u00e9titions  pour jeunes de 14 \u00e0 18 ans, y compris les jeunes gar\u00e7ons et les jeunes filles. C\u2019est une partie essentielle  du directeur technique et de la f\u00e9d\u00e9ration. <\/p>\n<p><strong>Cela fait plus d\u2019un an que vous \u00eates en service, pouvez-vous dresser un bilan pour ce qui est des comp\u00e9titions de jeunes ?<\/strong><\/p>\n<p>Concernant  les trois missions qui incombent un directeur technique, le point  le mieux lanc\u00e9 \u00e0 ce jour, c\u2019est la formation des entra\u00eeneurs. C\u2019est donc quelque chose qui a bien fonctionn\u00e9 pour cette premi\u00e8re ann\u00e9e. Mais nous pouvons faire mieux, m\u00eame s\u2019il y a une forte demande \u00e0 ce niveau. Demande \u00e0 laquelle nous ne sommes pas tout \u00e0 faire en mesure de satisfaire  faute d\u2019un encadrement trop restreint. Aussi parce que le centre technique ne peut pas accueillir des groupes \u00e9largis chaque semaine. S\u2019agissant de la formation des entra\u00eeneurs, les choses sont bien  parties, ont bien d\u00e9but\u00e9 et c\u2019est en partie quelque chose de r\u00e9ussi pour cette premi\u00e8re ann\u00e9e. S\u2019agissant du deuxi\u00e8me volet sur la mise en place des comp\u00e9titions de jeunes, on a mis en place une comp\u00e9tition U16. Une  comp\u00e9tition  qui s\u2019est arr\u00eat\u00e9e momentan\u00e9ment. Elle va reprendre dans quelques temps. Nous avons lanc\u00e9 quelque chose et j\u2019esp\u00e8re que ce premier  \u00e9lan va installer une dynamique. Pour ce qui est de la d\u00e9tection, elle est en cours.  La d\u00e9tection est le fruit d\u2019un travail qui va bien au-del\u00e0 de 6 ou 8 mois. Cependant, nous avons mis en place une s\u00e9lection U16 pour les \u00e9liminatoires de  la CAN 2017 (ndlr la C\u00f4te d\u2019Ivoire est \u00e9limin\u00e9e). Le groupe a du potentiel,  c\u2019est un groupe talentueux. Mais, il est difficile de jauger le niveau de cette s\u00e9lection du fait du manque de comp\u00e9tition ; ils n\u2019ont pas assez de matches dans les jambes  pour \u00eatre v\u00e9ritablement comp\u00e9titifs. Le bilan est positif pour une premi\u00e8re ann\u00e9e. Les formations sont lanc\u00e9es et battent leur plein. Maintenant, cela ne se mesure pas sur une ann\u00e9e, mais sur de nombreuses ann\u00e9es. Le travail d\u2019une direction technique, c\u2019est 5 \u00e0 10 ans avant de voir v\u00e9ritablement les fruits.   Concernant les difficult\u00e9s, je n\u2019en ai pas eu v\u00e9ritablement, except\u00e9 les  difficult\u00e9s pour  lancer les comp\u00e9titions de jeunes (U14 et U16) sur l\u2019ensemble du pays. Hormis cela, il n\u2019y a pas de difficult\u00e9s.  Les choses avancent. On sait, qu\u2019il faut un peu de temps pour d\u00e9marrer, pour mettre en place les choses. <\/p>\n<p><strong>Qu\u2019en est-il pour le football f\u00e9minin?<\/strong><\/p>\n<p>Autant que pour  le football f\u00e9minin et que pour le football masculin, on a mis en place des formations pour les entra\u00eeneurs. Pour pouvoir monter en comp\u00e9tence, l\u2019ensemble des cadres techniques, qui ont en charge les comp\u00e9titions de ces \u00e9quipes. Nous avons   form\u00e9 presque 700 \u00e9ducateurs sur une p\u00e9riode de 5 \u00e0 6 mois.  Ce qui est  \u00e0 la fois beaucoup mais suffisamment peu pour un pays comme la C\u00f4te d\u2019Ivoire. C\u2019est un d\u00e9but et plut\u00f4t un bon d\u00e9but.  <\/p>\n<p><strong>En tant qu\u2019acteur du football, vous suivez s\u00fbrement l\u2019\u00e9volution des pros Ivoiriens. Que pensez-vous de la condamnation de 2 mois de prison de Serge Aurier ?<\/strong><\/p>\n<p>Je ne peux pas commenter une d\u00e9cision de justice. Je ne suis ni comp\u00e9tent, ni habilit\u00e9.  Je n\u2019ai pas de commentaire l\u00e0-dessus.<\/p>\n<p><strong>La C\u00f4te d\u2019Ivoire a glan\u00e9 plusieurs m\u00e9dailles aux derniers Jeux Olympiques de Rio. Que pensez-vous de ces performances ? <\/strong><\/p>\n<p>J\u2019ai suivi m\u00eame si nous avons beaucoup de stage de formation durant la p\u00e9riode des jeux Olympiques, j\u2019ai suivi une partie et j\u2019\u00e9tais \u00e9videmment tr\u00e8s heureux de voir que, par exemple, au taekwondo la C\u00f4te d\u2019Ivoire se soit bien illustr\u00e9e. Mais, il n\u2019y a pas que le Taekwondo. M\u00eame si au taekwondo, la C\u00f4te d\u2019Ivoire n\u2019a plus grand-chose \u00e0 prouver qu\u2019elle est une grande nation de sport. Cela est une \u00e9vidence. Il y a  ce genre de  rendez-vous   qui permettent de r\u00e9compenser des athl\u00e8tes qui travaillent durement et s\u00fbrement dans des conditions pas toujours ais\u00e9es. Et c\u2019est bien qu\u2019une comp\u00e9tition comme celle-l\u00e0, vient r\u00e9compenser ces athl\u00e8tes.<\/p>\n<p><strong>C\u2019est bient\u00f4t la Can 2017, la C\u00f4te d\u2019Ivoire figure parmi les t\u00eates de poules. Pour vous, quels sont les adversaires \u00e0 \u00e9viter ? <\/strong><\/p>\n<p>Nous n\u2019\u00e9viterions aucun adversaire parce que pour gagner la Can, il faut aller au bout. Donc, il faut jouer avec les autres \u00e9quipes. Mais de toutes les fa\u00e7ons, il faut \u00eatre \u00e0 la hauteur  et capable de battre les meilleures \u00e9quipes. Je ne vais pas me mettre \u00e0 la place de Michel Dussuyer. Cependant, je pense qu\u2019il n\u2019y a pas d\u2019\u00e9quipe \u00e0 \u00e9viter. Parce que pour gagner, il faut affronter les \u00e9quipes et battre les meilleures. <\/p>\n<p><strong>Pour cette comp\u00e9tition, allez-vous travailler en collaboration avec l\u2019entra\u00eeneur national ?<\/strong><\/p>\n<p>Non, nos missions sont distinctes. Le coach a son staff. Donc, c\u2019est aux membres de travailler avec lui. Nous n\u2019avons pas la m\u00eame mission. Nous \u00e9changeons  souvent,  Nous  parlons  des matches de football en particulier et les performances en g\u00e9n\u00e9ral des joueurs de la s\u00e9lection nationale. Le DTN n\u2019a pas de missions particuli\u00e8res en direction de l\u2019\u00e9quipe nationale.<\/p>\n<p>R\u00e9alis\u00e9 par O S<\/p>\n<div class=\"fb-comments\" data-width=\"728\" data-numposts=\"50\"><\/div>\n","protected":false},"excerpt":{"rendered":"<p>Le Directeur Technique National de football de C\u00f4te d\u2019Ivoire, Pascal Lafleuriel, a bien voulu dans cet entretien partager \u00e0 mi-parcours le travail accompli, apr\u00e8s plus d\u2019un an de pr\u00e9sence au bord de la lagune Ebri\u00e9.<\/p>\n","protected":false},"author":2,"featured_media":381,"comment_status":"closed","ping_status":"closed","sticky":false,"template":"","format":"standard","meta":{"_monsterinsights_skip_tracking":false,"_monsterinsights_sitenote_active":false,"_monsterinsights_sitenote_note":"","_monsterinsights_sitenote_category":0,"footnotes":""},"categories":[1,29,23],"tags":[],"class_list":["post-380","post","type-post","status-publish","format-standard","has-post-thumbnail","hentry","category-actualites","category-interview","category-sport"],"_links":{"self":[{"href":"https:\/\/www.lintelligentdabidjan.info\/news\/wp-json\/wp\/v2\/posts\/380","targetHints":{"allow":["GET"]}}],"collection":[{"href":"https:\/\/www.lintelligentdabidjan.info\/news\/wp-json\/wp\/v2\/posts"}],"about":[{"href":"https:\/\/www.lintelligentdabidjan.info\/news\/wp-json\/wp\/v2\/types\/post"}],"author":[{"embeddable":true,"href":"https:\/\/www.lintelligentdabidjan.info\/news\/wp-json\/wp\/v2\/users\/2"}],"replies":[{"embeddable":true,"href":"https:\/\/www.lintelligentdabidjan.info\/news\/wp-json\/wp\/v2\/comments?post=380"}],"version-history":[{"count":3,"href":"https:\/\/www.lintelligentdabidjan.info\/news\/wp-json\/wp\/v2\/posts\/380\/revisions"}],"predecessor-version":[{"id":388,"href":"https:\/\/www.lintelligentdabidjan.info\/news\/wp-json\/wp\/v2\/posts\/380\/revisions\/388"}],"wp:featuredmedia":[{"embeddable":true,"href":"https:\/\/www.lintelligentdabidjan.info\/news\/wp-json\/wp\/v2\/media\/381"}],"wp:attachment":[{"href":"https:\/\/www.lintelligentdabidjan.info\/news\/wp-json\/wp\/v2\/media?parent=380"}],"wp:term":[{"taxonomy":"category","embeddable":true,"href":"https:\/\/www.lintelligentdabidjan.info\/news\/wp-json\/wp\/v2\/categories?post=380"},{"taxonomy":"post_tag","embeddable":true,"href":"https:\/\/www.lintelligentdabidjan.info\/news\/wp-json\/wp\/v2\/tags?post=380"}],"curies":[{"name":"wp","href":"https:\/\/api.w.org\/{rel}","templated":true}]}}