{"id":38009,"date":"2025-04-30T20:06:20","date_gmt":"2025-04-30T18:06:20","guid":{"rendered":"https:\/\/www.lintelligentdabidjan.info\/news\/?p=38009"},"modified":"2025-04-30T20:40:20","modified_gmt":"2025-04-30T18:40:20","slug":"fete-du-travail-les-propositions-du-mfa-pour-lapaisement-du-climat-social-en-cote-divoire","status":"publish","type":"post","link":"https:\/\/www.lintelligentdabidjan.info\/news\/fete-du-travail-les-propositions-du-mfa-pour-lapaisement-du-climat-social-en-cote-divoire\/","title":{"rendered":"F\u00eate du travail &#8211; Les propositions du MFA pour l&#8217;apaisement du climat social en C\u00f4te d&#8217;Ivoire"},"content":{"rendered":"<p><em><strong>\u00c0 la veille  de la c\u00e9l\u00e9bration de la F\u00eate du Travail , le MFA a pr\u00e9sent\u00e9 ses propositions pour l&#8217;apaisement du climat social en C\u00f4te d&#8217;Ivoire dans un communiqu\u00e9 dont nous avons re\u00e7u copie.<\/strong><\/em><\/p>\n<p>La C\u00f4te d\u2019Ivoire, \u00e0 l\u2019instar de plusieurs autres pays, \u00e0 travers le monde, c\u00e9l\u00e8bre la F\u00eate du Travail, ce jeudi 1er Mai 2024.En cette importante date qui marque la comm\u00e9moration des luttes historiques et les progr\u00e8s r\u00e9alis\u00e9s par les travailleurs du monde entier, le Mouvement des Forces d\u2019Avenir (Mfa) dont j\u2019ai l\u2019insigne honneur de pr\u00e9sider aux destin\u00e9es, d\u2019embl\u00e9e, souhaite une tr\u00e8s bonne f\u00eate de travail \u00e0 l\u2019ensemble des travailleurs de la C\u00f4te d\u2019Ivoire.<br \/>\nLa c\u00e9l\u00e9bration de cet \u00e9v\u00e9nement, une fois encore, sous la gouvernance RHDP, intervient sous de bons auspices. En quasiment quinze (15) ans de magist\u00e8re du Pr\u00e9sident Alassane Ouattara, il faut reconnaitre \u00e0 sa juste valeur les immenses acquis glan\u00e9s par les travailleurs de C\u00f4te d\u2019Ivoire, dans leur ensemble en g\u00e9n\u00e9ral et des fonctionnaires, en particulier. Le salaire minimum interprofessionnelle garanti (Smig) est pass\u00e9 de 35000f \u00e0 60000f puis \u00e0 75000f aujourd\u2019hui. La prime de logement est une r\u00e9alit\u00e9 pour tous les fonctionnaires, la prime  ADO \u2018 qui fait office de treizi\u00e8me est d\u00e9sormais dans les habitudes des fonctionnaires, les implications des tr\u00eaves sociales (2017-2022) et (2022-2027) induisent des implications financi\u00e8res qui franchissent d\u00e9sormais la barre de 1100 milliards F cfa au profit de l\u2019ensemble des fonctionnaires. Gr\u00e2ce \u00e0 des reformes hardies, les travailleurs du secteur priv\u00e9 b\u00e9n\u00e9ficient aussi de meilleurs traitements et conditions.<br \/>\nToutefois, le monde du travail est dynamique et les choses y vont, \u00e0 toute berzingue. C\u2019est pourquoi, des pr\u00e9occupations nouvelles \u00e9mergent et de nouveaux probl\u00e8mes naissent. Le Mouvement des Forces d\u2019Avenir invite donc les autorit\u00e9s \u00e0 pr\u00eater une oreille attentive aux soucis et pr\u00e9occupations des syndicats. Nul n\u2019ignore le contexte dans lequel intervient cette f\u00eate du travail. Il est marqu\u00e9 par la gr\u00e8ve dans le secteur Education-Formation-Sant\u00e9 et les ponctions salariales subs\u00e9quentes de la part du gouvernement. Le MFA appelle \u00e0 la raison les diff\u00e9rentes parties et les exhorte \u00e0 privil\u00e9gier la voie du dialogue pour d\u00e9gager des compromis dynamiques, en vue d\u2019apaiser le climat social.<\/p>\n<p>\u00c0 cet effet, le MFA propose ce qui suit:<\/p>\n<p>&#8211; Primo, une revue trimestrielle du dialogue social qui r\u00e9unira les membres du Comit\u00e9 consultatif et les minist\u00e8res techniques concern\u00e9s, sous l&#8217;\u00e9gide de la Primature.Cela permettra de r\u00e9ajuster les accords, \u00e0 l&#8217;aune des revendications et probl\u00e8mes nouveaux. <\/p>\n<p> &#8211; Secundo, intensifier les campagnes de sensibilisation et formation \u00e0 l endroit des syndicats. <\/p>\n<p>&#8211; Tertio, que l&#8217;\u00c9tat dans sa d\u00e9marche de tous les jours, fasse la promotion des libert\u00e9s syndicales. <\/p>\n<p>&#8211; Quarto, le MFA, au regard du contexte actuel appelle, instamment, \u00e0 la lib\u00e9ration du syndicaliste Assi Duggary dont la d\u00e9tention ne se justifie plus, au regard des accords pass\u00e9s  entre les syndicats gr\u00e9vistes et l&#8217;Etat. <\/p>\n<p>La C\u00f4te d\u2019Ivoire est, d\u00e9sormais, \u00e0 cinq (5) mois de la pr\u00e9sidentielle. Les populations qui aspirent \u00e0 des \u00e9lections apais\u00e9es et sereines souhaitent un front social calme et harmonieux. Cela pourrait bien influer sur tout le climat socio-politique.<br \/>\nLe MFA, parti l\u00e9galiste et profond\u00e9ment attach\u00e9 \u00e0 la paix et au d\u00e9veloppement de la C\u00f4te d\u2019Ivoire, invite chacun et chacune \u00e0 ne pas casser la belle dynamique de la C\u00f4te d\u2019Ivoire tant sur le plan social que politique. C\u2019est la conjugaison des efforts de tout un chacun qui permettra aux travailleurs de C\u00f4te d\u2019Ivoire de voir leurs conditions de vie s\u2019am\u00e9liorer, au fil des ans.<br \/>\nBonne f\u00eate du Travail \u00e0 toute la C\u00f4te d\u2019Ivoire.<br \/>\nPr\u00e9servons nos acquis<br \/>\nJe vous remercie !<\/p>\n<p><strong>Yaya Fofana<br \/>\nPr\u00e9sident du MFA<br \/>\nFait \u00e0 Abidjan, le 30 Avril 2025<\/strong><\/p>\n","protected":false},"excerpt":{"rendered":"<p>\u00c0 la veille de la c\u00e9l\u00e9bration de la F\u00eate du Travail , le MFA a pr\u00e9sent\u00e9 ses propositions pour l&#8217;apaisement du climat social en C\u00f4te d&#8217;Ivoire dans un communiqu\u00e9 dont nous avons re\u00e7u copie. La C\u00f4te d\u2019Ivoire, \u00e0 l\u2019instar de plusieurs autres pays, \u00e0 travers le monde, c\u00e9l\u00e8bre la F\u00eate du Travail, ce jeudi 1er [&hellip;]<\/p>\n","protected":false},"author":4,"featured_media":38010,"comment_status":"closed","ping_status":"closed","sticky":false,"template":"","format":"standard","meta":{"_monsterinsights_skip_tracking":false,"_monsterinsights_sitenote_active":false,"_monsterinsights_sitenote_note":"","_monsterinsights_sitenote_category":0,"footnotes":""},"categories":[2,3],"tags":[5060,77,5059],"class_list":["post-38009","post","type-post","status-publish","format-standard","has-post-thumbnail","hentry","category-featured","category-societe","tag-climat-social","tag-cote-divoire","tag-fete-du-travail-mfa"],"_links":{"self":[{"href":"https:\/\/www.lintelligentdabidjan.info\/news\/wp-json\/wp\/v2\/posts\/38009","targetHints":{"allow":["GET"]}}],"collection":[{"href":"https:\/\/www.lintelligentdabidjan.info\/news\/wp-json\/wp\/v2\/posts"}],"about":[{"href":"https:\/\/www.lintelligentdabidjan.info\/news\/wp-json\/wp\/v2\/types\/post"}],"author":[{"embeddable":true,"href":"https:\/\/www.lintelligentdabidjan.info\/news\/wp-json\/wp\/v2\/users\/4"}],"replies":[{"embeddable":true,"href":"https:\/\/www.lintelligentdabidjan.info\/news\/wp-json\/wp\/v2\/comments?post=38009"}],"version-history":[{"count":1,"href":"https:\/\/www.lintelligentdabidjan.info\/news\/wp-json\/wp\/v2\/posts\/38009\/revisions"}],"predecessor-version":[{"id":38011,"href":"https:\/\/www.lintelligentdabidjan.info\/news\/wp-json\/wp\/v2\/posts\/38009\/revisions\/38011"}],"wp:featuredmedia":[{"embeddable":true,"href":"https:\/\/www.lintelligentdabidjan.info\/news\/wp-json\/wp\/v2\/media\/38010"}],"wp:attachment":[{"href":"https:\/\/www.lintelligentdabidjan.info\/news\/wp-json\/wp\/v2\/media?parent=38009"}],"wp:term":[{"taxonomy":"category","embeddable":true,"href":"https:\/\/www.lintelligentdabidjan.info\/news\/wp-json\/wp\/v2\/categories?post=38009"},{"taxonomy":"post_tag","embeddable":true,"href":"https:\/\/www.lintelligentdabidjan.info\/news\/wp-json\/wp\/v2\/tags?post=38009"}],"curies":[{"name":"wp","href":"https:\/\/api.w.org\/{rel}","templated":true}]}}