{"id":38024,"date":"2025-05-02T06:55:59","date_gmt":"2025-05-02T04:55:59","guid":{"rendered":"https:\/\/www.lintelligentdabidjan.info\/news\/?p=38024"},"modified":"2025-05-02T06:56:30","modified_gmt":"2025-05-02T04:56:30","slug":"lutte-contre-les-violences-basees-sur-le-genre-la-crdh-bouake-fait-le-point-avec-les-acteurs-de-terrain","status":"publish","type":"post","link":"https:\/\/www.lintelligentdabidjan.info\/news\/lutte-contre-les-violences-basees-sur-le-genre-la-crdh-bouake-fait-le-point-avec-les-acteurs-de-terrain\/","title":{"rendered":"Lutte contre les violences bas\u00e9es sur le genre :  La CRDH Bouak\u00e9 fait le point avec les acteurs de terrain"},"content":{"rendered":"<p><em><strong>Le si\u00e8ge de la Commission R\u00e9gionale des Droits de l\u2019Homme (CRDH) de Bouak\u00e9 a abrit\u00e9, le mardi 29 avril 2025, la r\u00e9union mensuelle de la plateforme de lutte contre les violences bas\u00e9es sur le genre (VBG) et de la protection de l\u2019enfance du d\u00e9partement. Organis\u00e9e de fa\u00e7on tournante, cette rencontre a r\u00e9uni l\u2019ensemble des structures membres des deux plateformes, avec l\u2019appui financier de la pr\u00e9sidente du Conseil National des Droits de l\u2019Homme (CNDH).<\/strong><\/em><\/p>\n<p>Au cours des \u00e9changes, les participants ont \u00e9t\u00e9 instruits sur le r\u00f4le du CNDH dans la lutte contre les violences bas\u00e9es sur le genre. Cette r\u00e9union a \u00e9galement permis \u00e0 la CRDH de faire le point des activit\u00e9s men\u00e9es en avril, ainsi que des requ\u00eates enregistr\u00e9es en lien avec les VBG durant cette p\u00e9riode.<\/p>\n<p>Sans livrer de chiffres pr\u00e9cis, Carine Keffa, pr\u00e9sidente de la CRDH et pr\u00e9sidente de s\u00e9ance, a fait \u00e9tat d\u2019une am\u00e9lioration notable dans la lutte contre les violences bas\u00e9es sur le genre dans la r\u00e9gion du Gb\u00eak\u00ea.<\/p>\n<p>\u00ab Quand on fait le bilan, on constate que les sensibilisations portent leurs fruits. Gr\u00e2ce aux diff\u00e9rentes plateformes mises en place, la situation s\u2019est nettement am\u00e9lior\u00e9e. Toutefois, il faut reconna\u00eetre que le changement des mentalit\u00e9s prend du temps. Malgr\u00e9 les campagnes de sensibilisation et les mesures r\u00e9pressives, des cas continuent d\u2019\u00eatre enregistr\u00e9s \u00bb, a-t-elle soulign\u00e9.<\/p>\n<p>Face \u00e0 ce constat, Carine Keffa a exhort\u00e9 les membres de la plateforme \u00e0 redoubler d\u2019efforts.<\/p>\n<p>\u00ab Il reste encore beaucoup \u00e0 faire, car les auteurs de ces violences ne s\u2019arr\u00eatent pas. Notre mission, elle non plus, ne doit pas s\u2019arr\u00eater \u00bb, a-t-elle insist\u00e9.<\/p>\n<p>Pour elle, les violences bas\u00e9es sur le genre constituent des violations graves des droits humains, touchant \u00e0 l\u2019int\u00e9grit\u00e9 physique et morale, \u00e0 la vie, \u00e0 la s\u00e9curit\u00e9 des populations, ainsi qu\u2019\u00e0 la paix et \u00e0 la coh\u00e9sion sociale.<\/p>\n<p>Appelant \u00e0 une mobilisation collective, elle a lanc\u00e9 :<\/p>\n<p>\u00ab Tout le monde doit s\u2019impliquer : les leaders communautaires, les agents de sant\u00e9, les travailleurs sociaux, les m\u00e9dias\u2026 Chacun a un r\u00f4le \u00e0 jouer pour \u00e9radiquer d\u00e9finitivement les violences bas\u00e9es sur le genre. Ce n\u2019est qu\u2019\u00e0 ce prix que nous pourrons dire que notre mission a port\u00e9 ses fruits, non seulement dans le d\u00e9partement de Bouak\u00e9, mais dans toute la r\u00e9gion du Gb\u00eak\u00ea. \u00bb<\/p>\n<p>\u00c0 la fin de la rencontre, plusieurs participants ont salu\u00e9 la qualit\u00e9 des \u00e9changes. C\u2019est le cas du p\u00e8re Achille Alain, secr\u00e9taire ex\u00e9cutif dioc\u00e9sain de la Caritas de Bouak\u00e9 :<\/p>\n<p>\u00ab Il est essentiel que les populations soient r\u00e9guli\u00e8rement form\u00e9es sur les droits humains, les cons\u00e9quences des VBG et les comportements \u00e0 adopter pour s\u2019en pr\u00e9munir \u00bb, a-t-il d\u00e9clar\u00e9.<\/p>\n<p><strong>Nambac\u00e9r\u00e9 Jo\u00ebl<\/strong><\/p>\n","protected":false},"excerpt":{"rendered":"<p>Le si\u00e8ge de la Commission R\u00e9gionale des Droits de l\u2019Homme (CRDH) de Bouak\u00e9 a abrit\u00e9, le mardi 29 avril 2025, la r\u00e9union mensuelle de la plateforme de lutte contre les violences bas\u00e9es sur le genre (VBG) et de la protection de l\u2019enfance du d\u00e9partement. Organis\u00e9e de fa\u00e7on tournante, cette rencontre a r\u00e9uni l\u2019ensemble des structures [&hellip;]<\/p>\n","protected":false},"author":4,"featured_media":38025,"comment_status":"closed","ping_status":"closed","sticky":false,"template":"","format":"standard","meta":{"_monsterinsights_skip_tracking":false,"_monsterinsights_sitenote_active":false,"_monsterinsights_sitenote_note":"","_monsterinsights_sitenote_category":0,"footnotes":""},"categories":[2,3],"tags":[125,5077,3292,5076],"class_list":["post-38024","post","type-post","status-publish","format-standard","has-post-thumbnail","hentry","category-featured","category-societe","tag-bouake","tag-crdh","tag-genre","tag-lutte-contre-les-violences"],"_links":{"self":[{"href":"https:\/\/www.lintelligentdabidjan.info\/news\/wp-json\/wp\/v2\/posts\/38024","targetHints":{"allow":["GET"]}}],"collection":[{"href":"https:\/\/www.lintelligentdabidjan.info\/news\/wp-json\/wp\/v2\/posts"}],"about":[{"href":"https:\/\/www.lintelligentdabidjan.info\/news\/wp-json\/wp\/v2\/types\/post"}],"author":[{"embeddable":true,"href":"https:\/\/www.lintelligentdabidjan.info\/news\/wp-json\/wp\/v2\/users\/4"}],"replies":[{"embeddable":true,"href":"https:\/\/www.lintelligentdabidjan.info\/news\/wp-json\/wp\/v2\/comments?post=38024"}],"version-history":[{"count":1,"href":"https:\/\/www.lintelligentdabidjan.info\/news\/wp-json\/wp\/v2\/posts\/38024\/revisions"}],"predecessor-version":[{"id":38026,"href":"https:\/\/www.lintelligentdabidjan.info\/news\/wp-json\/wp\/v2\/posts\/38024\/revisions\/38026"}],"wp:featuredmedia":[{"embeddable":true,"href":"https:\/\/www.lintelligentdabidjan.info\/news\/wp-json\/wp\/v2\/media\/38025"}],"wp:attachment":[{"href":"https:\/\/www.lintelligentdabidjan.info\/news\/wp-json\/wp\/v2\/media?parent=38024"}],"wp:term":[{"taxonomy":"category","embeddable":true,"href":"https:\/\/www.lintelligentdabidjan.info\/news\/wp-json\/wp\/v2\/categories?post=38024"},{"taxonomy":"post_tag","embeddable":true,"href":"https:\/\/www.lintelligentdabidjan.info\/news\/wp-json\/wp\/v2\/tags?post=38024"}],"curies":[{"name":"wp","href":"https:\/\/api.w.org\/{rel}","templated":true}]}}