{"id":3804,"date":"2017-04-25T12:26:18","date_gmt":"2017-04-25T10:26:18","guid":{"rendered":"http:\/\/www.lintelligentdabidjan.info\/news\/?p=3804"},"modified":"2017-04-25T12:26:18","modified_gmt":"2017-04-25T10:26:18","slug":"caravane-ophtalmologique-de-la-fondation-children-of-africa-dans-le-haut-sassandra-le-pr-alphonse-djedje-mady-exprime-sa-reconnaissance-a-la-premiere-dame","status":"publish","type":"post","link":"https:\/\/www.lintelligentdabidjan.info\/news\/caravane-ophtalmologique-de-la-fondation-children-of-africa-dans-le-haut-sassandra-le-pr-alphonse-djedje-mady-exprime-sa-reconnaissance-a-la-premiere-dame\/","title":{"rendered":"Caravane ophtalmologique de la fondation Children Of Africa dans le haut-Sassandra  Le Pr. Alphonse Dj\u00e9dj\u00e9 Mady exprime sa reconnaissance \u00e0 la Premi\u00e8re Dame"},"content":{"rendered":"<p>Le professeur Alphonse Djedje Mady, pr\u00e9sident du conseil r\u00e9gional du haut-Sassandra a traduit sa reconnaissance \u00e0 la Premi\u00e8re Dame Dominique Ouattara pour la caravane ophtalmologique qu\u2019elle entreprend dans la r\u00e9gion.<!--more--> A la deuxi\u00e8me journ\u00e9e, la 5\u00e8me caravane ophtalmologique de la Fondation Children of Africa\u00a0 a marqu\u00e9 une pose \u00e0 Sa\u00cfoua,\u00a0 village natal du pr\u00e9sident du conseil r\u00e9gional. Cet acte constitue aux yeux de l\u2019ex-secr\u00e9taire g\u00e9n\u00e9ral du pdci-Rda, Alphonse Dj\u00e9dj\u00e9 Mady une marque de consid\u00e9ration exprim\u00e9e par la Premi\u00e8re Dame \u00e0 son endroit.\u00a0 \u00ab Je ne sais pas comment remercier madame Dominique Ouattara qui a effectivement pris cette d\u00e9cision de faire arr\u00eater\u00a0 la caravane ophtalmologique \u00e0 Sa\u00efoua, capitale du canton Yobolo, qui est mon village. Ce sont des sentiments de reconnaissance que je voudrais exprimer \u00e0 Mme la Premi\u00e8re Dame, pour cette marque d\u2019affection, de sympathie. Que faire pour la m\u00e9riter sinon de r\u00e9ussir la mobilisation, et c\u2019est ce que nous essayons de faire. Tout ce que nous pouvons mettre en \u0153uvre pour m\u00e9riter cet acte que nous pose la Premi\u00e8re Dame, nous le ferons. Que Dieu fasse que ses actions humanitaires qu\u2019elle entreprend dans le cadre de Children Of Africa puissent continuer et porter des fruits et que tous ses efforts soient reconnus pour les b\u00e9n\u00e9ficiaires que nous sommes. Merci \u00e0 la Premi\u00e8re Dame qui a fait l\u2019escale particuli\u00e8re \u00e0 Sa\u00efoua. Je luis dis infiniment merci \u00bb,\u00a0 a traduit en signe de satisfaction Alphonse Dj\u00e9dj\u00e9 Mady. Qui s\u2019exprimait dans l\u2019enceinte de l\u2019\u00e9cole primaire publique (EPP) de Sa\u00efoua qui a accueilli les \u00e9quipes la fondation.<\/p>\n<p>Pour cette \u00e9tape, 2.039 enfants ont \u00e9t\u00e9 consult\u00e9s et soign\u00e9s gratuitement. 57 enfants ont b\u00e9n\u00e9fici\u00e9 gratuitement des lunettes pharmaceutiques pour corriger leur d\u00e9ficience visuelle.<\/p>\n<p>Ces actions m\u00e9dicales ont \u00e9t\u00e9 bien accueillies par les populations qui l\u2019ont t\u00e9moign\u00e9 \u00e0 travers Kouadio Ambroise, sous-pr\u00e9fet de Saioua.\u00a0 \u00ab Je voudrais tout d\u2019abord dire merci, \u00e0 la Premi\u00e8re Dame (Mme Dominique Ouattara, Pr\u00e9sidente-Fondatrice de Children Of Africa, ndlr) pour avoir pens\u00e9, \u00e0 la circonscription administrative de Sa\u00efoua qui est, une Sous-Pr\u00e9fecture vaste. En demandant de fa\u00e7on expresse que, cette caravane se dirige vers Sa\u00efoua pour prendre les enfants en compte, je ne peux qu\u2019\u00eatre heureux et lui dire merci. Effectivement, vous l\u2019avez constat\u00e9, nous avons\u00a0 pu mobiliser plus de 3000 enfants dans les villages et campements qui sont en route pour Saioua pour se faire d\u00e9pister, recevoir les premiers soins, et conna\u00eetre leur \u00e9tat de sant\u00e9. Je pense bien que, l\u2019initiative est bonne et je voudrais en m\u00eame temps dire merci au Pr\u00e9sident du Conseil R\u00e9gional qui non seulement a fait, le d\u00e9placement, pour\u00a0 participer \u00e0 la mobilisation, mais il a aussi trouv\u00e9 3000 baguettes de\u00a0 pains pour permettre aux enfants d\u2019avoir de quoi \u00e0 manger et de rester sur place jusqu\u2019\u00e0 19 heures pour se faire examiner. Notre souci\u00a0 le plus ardent est de nous accorder plus de deux (02) jours pour pouvoir prendre tous les enfants de Saioua en charge.\u00a0 Cela me ferait vraiment plaisir en tant que premier responsable de la circonscription\u00bb,\u00a0 a d\u00e9clar\u00e9 le Sous-Pr\u00e9fet de Sa\u00efoua.<\/p>\n<p>EF, avec sercom Premi\u00e8re Dame<\/p>\n","protected":false},"excerpt":{"rendered":"<p>Le professeur Alphonse Djedje Mady, pr\u00e9sident du conseil r\u00e9gional du haut-Sassandra a traduit sa reconnaissance \u00e0 la Premi\u00e8re Dame Dominique Ouattara pour la caravane ophtalmologique qu\u2019elle entreprend dans la r\u00e9gion.<\/p>\n","protected":false},"author":2,"featured_media":3805,"comment_status":"closed","ping_status":"closed","sticky":false,"template":"","format":"standard","meta":{"footnotes":""},"categories":[3],"tags":[],"class_list":["post-3804","post","type-post","status-publish","format-standard","has-post-thumbnail","hentry","category-societe"],"_links":{"self":[{"href":"https:\/\/www.lintelligentdabidjan.info\/news\/wp-json\/wp\/v2\/posts\/3804","targetHints":{"allow":["GET"]}}],"collection":[{"href":"https:\/\/www.lintelligentdabidjan.info\/news\/wp-json\/wp\/v2\/posts"}],"about":[{"href":"https:\/\/www.lintelligentdabidjan.info\/news\/wp-json\/wp\/v2\/types\/post"}],"author":[{"embeddable":true,"href":"https:\/\/www.lintelligentdabidjan.info\/news\/wp-json\/wp\/v2\/users\/2"}],"replies":[{"embeddable":true,"href":"https:\/\/www.lintelligentdabidjan.info\/news\/wp-json\/wp\/v2\/comments?post=3804"}],"version-history":[{"count":1,"href":"https:\/\/www.lintelligentdabidjan.info\/news\/wp-json\/wp\/v2\/posts\/3804\/revisions"}],"predecessor-version":[{"id":3806,"href":"https:\/\/www.lintelligentdabidjan.info\/news\/wp-json\/wp\/v2\/posts\/3804\/revisions\/3806"}],"wp:featuredmedia":[{"embeddable":true,"href":"https:\/\/www.lintelligentdabidjan.info\/news\/wp-json\/wp\/v2\/media\/3805"}],"wp:attachment":[{"href":"https:\/\/www.lintelligentdabidjan.info\/news\/wp-json\/wp\/v2\/media?parent=3804"}],"wp:term":[{"taxonomy":"category","embeddable":true,"href":"https:\/\/www.lintelligentdabidjan.info\/news\/wp-json\/wp\/v2\/categories?post=3804"},{"taxonomy":"post_tag","embeddable":true,"href":"https:\/\/www.lintelligentdabidjan.info\/news\/wp-json\/wp\/v2\/tags?post=3804"}],"curies":[{"name":"wp","href":"https:\/\/api.w.org\/{rel}","templated":true}]}}