{"id":38050,"date":"2025-05-05T05:58:32","date_gmt":"2025-05-05T03:58:32","guid":{"rendered":"https:\/\/www.lintelligentdabidjan.info\/news\/?p=38050"},"modified":"2025-05-05T05:58:39","modified_gmt":"2025-05-05T03:58:39","slug":"fete-du-travail-a-la-cml-le-dg-dramane-cisse-aux-employes-nous-avons-su-faire-face-aux-defis-avec-pragmatisme-et-engagement","status":"publish","type":"post","link":"https:\/\/www.lintelligentdabidjan.info\/news\/fete-du-travail-a-la-cml-le-dg-dramane-cisse-aux-employes-nous-avons-su-faire-face-aux-defis-avec-pragmatisme-et-engagement\/","title":{"rendered":"F\u00eate du Travail \u00e0 la CML- Le DG Dramane Ciss\u00e9 aux employ\u00e9s : \u00ab Nous avons su faire face aux d\u00e9fis avec pragmatisme et engagement \u00bb"},"content":{"rendered":"<p><em><strong>Le directeur g\u00e9n\u00e9ral de la Compagnie mini\u00e8re du Littoral (CML), Dramane Ciss\u00e9, a re\u00e7u les f\u00e9licitations de ses employ\u00e9s \u00e0 l\u2019occasion de la f\u00eate du Travail. Il a soulign\u00e9 que des d\u00e9fis avaient \u00e9t\u00e9 relev\u00e9s avec pragmatisme et engagement.<\/strong><\/em><\/p>\n<p>Les travailleurs de la Compagnie mini\u00e8re du Littoral ont c\u00e9l\u00e9br\u00e9, le mercredi 30 avril 2025, sur le site d\u2019exploitation du mangan\u00e8se de Doukodou (sous-pr\u00e9fecture de Lauzoua), la deuxi\u00e8me \u00e9dition de la f\u00eate du Travail. Les employ\u00e9s de l\u2019entreprise ont salu\u00e9 les efforts de leur directeur g\u00e9n\u00e9ral, Dramane Ciss\u00e9, pour l\u2019am\u00e9lioration de leurs conditions de vie.<\/p>\n<p>Au nom de l\u2019ensemble du personnel, \u00c9tienne Gamago, secr\u00e9taire g\u00e9n\u00e9ral du Syndicat national des travailleurs de la Compagnie mini\u00e8re du Littoral, a exprim\u00e9 sa gratitude au directeur g\u00e9n\u00e9ral, l\u2019invitant \u00e0 poursuivre ses actions pour le d\u00e9veloppement de l\u2019entreprise et le bien-\u00eatre des travailleurs.<\/p>\n<p>\u00ab Cette f\u00eate du Travail anticip\u00e9e a \u00e9t\u00e9 une r\u00e9ussite et nous disons merci au directeur g\u00e9n\u00e9ral (\u2026) Nous avons exprim\u00e9 des dol\u00e9ances, l\u2019ann\u00e9e derni\u00e8re, qui ont \u00e9t\u00e9 satisfaites. Il s\u2019agit de l\u2019int\u00e9gration de 80 agents temporaires dans les effectifs, l\u2019application d\u2019une nouvelle grille salariale, l\u2019instauration de l\u2019assurance compl\u00e9mentaire, l\u2019augmentation de la prime de repas pour les agents du camp minier. Pour toutes ces actions, nous lui disons un grand merci \u00bb, a d\u00e9clar\u00e9 \u00c9tienne Gamago.<\/p>\n<p><strong>Faire le point avec l\u2019ensemble du personnel<\/strong><\/p>\n<p>Dramane Ciss\u00e9 a pr\u00e9cis\u00e9 que l\u2019objectif de cette c\u00e9l\u00e9bration \u00e9tait de marquer le pas avec le personnel et de faire le point sur l\u2019\u00e9tat d\u2019avancement de leur collaboration.<\/p>\n<p>\u00ab C\u2019est un plaisir pour moi, un r\u00e9confort, que le personnel reconnaisse les efforts qui sont fournis par la direction g\u00e9n\u00e9rale \u00e0 leur \u00e9gard. Il faut pers\u00e9v\u00e9rer, continuer dans cette dynamique. Nous enregistrons des r\u00e9sultats concrets et encourageants, avec l\u2019acquisition d\u2019une quinzaine de camions (&#8230;) L\u2019ann\u00e9e 2024 a \u00e9t\u00e9 une ann\u00e9e de reprise de confiance, de regain de croissance et de performance pour notre entreprise. Nous avons su faire face aux d\u00e9fis avec pragmatisme et engagement, nous avons franchi un cap d\u00e9cisif avec l\u2019augmentation de notre chiffre d\u2019affaires. Nous sommes bien partis pour que 2025 soit meilleure que 2024 \u00bb, a annonc\u00e9 Dramane Ciss\u00e9.<\/p>\n<p>Des travailleurs ont \u00e9t\u00e9 r\u00e9compens\u00e9s pour le travail accompli, contribuant \u00e0 faire de cette entreprise un acteur majeur de la production de mangan\u00e8se en C\u00f4te d\u2019Ivoire. Roger Gogo, directeur de l\u2019administration et des finances, et Dr Kouam\u00e9 Joseph Arthur, directeur technique en charge de la production, ont exprim\u00e9 leur joie d\u2019avoir \u00e9t\u00e9 distingu\u00e9s. \u00ab Nous avons particip\u00e9 \u00e0 la cr\u00e9ation de cette entreprise, c\u2019est donc un sentiment de joie et de fiert\u00e9 pour ce prix, symbole de la reconnaissance du travail qui a \u00e9t\u00e9 abattu \u00bb, s\u2019est r\u00e9joui Roger Gogo.<\/p>\n<p>\u00ab En nous battant, nous arrivons \u00e0 atteindre les objectifs assign\u00e9s par la direction g\u00e9n\u00e9rale. Si la production augmente chaque ann\u00e9e, les revenus vont s\u2019accro\u00eetre et les dol\u00e9ances du syndicat seront satisfaites \u00bb, a d\u00e9clar\u00e9 Dr Kouam\u00e9 Joseph.<\/p>\n<p><strong>Olivier Dion<\/strong><\/p>\n","protected":false},"excerpt":{"rendered":"<p>Le directeur g\u00e9n\u00e9ral de la Compagnie mini\u00e8re du Littoral (CML), Dramane Ciss\u00e9, a re\u00e7u les f\u00e9licitations de ses employ\u00e9s \u00e0 l\u2019occasion de la f\u00eate du Travail. Il a soulign\u00e9 que des d\u00e9fis avaient \u00e9t\u00e9 relev\u00e9s avec pragmatisme et engagement. Les travailleurs de la Compagnie mini\u00e8re du Littoral ont c\u00e9l\u00e9br\u00e9, le mercredi 30 avril 2025, sur [&hellip;]<\/p>\n","protected":false},"author":4,"featured_media":38051,"comment_status":"closed","ping_status":"closed","sticky":false,"template":"","format":"standard","meta":{"_monsterinsights_skip_tracking":false,"_monsterinsights_sitenote_active":false,"_monsterinsights_sitenote_note":"","_monsterinsights_sitenote_category":0,"footnotes":""},"categories":[2,3],"tags":[4193,513,3879,2162,5071,5093,5094],"class_list":["post-38050","post","type-post","status-publish","format-standard","has-post-thumbnail","hentry","category-featured","category-societe","tag-cml","tag-defis","tag-employes","tag-engagement","tag-fete-du-travail","tag-le-dg-dramane-cisse","tag-pragmatisme"],"_links":{"self":[{"href":"https:\/\/www.lintelligentdabidjan.info\/news\/wp-json\/wp\/v2\/posts\/38050","targetHints":{"allow":["GET"]}}],"collection":[{"href":"https:\/\/www.lintelligentdabidjan.info\/news\/wp-json\/wp\/v2\/posts"}],"about":[{"href":"https:\/\/www.lintelligentdabidjan.info\/news\/wp-json\/wp\/v2\/types\/post"}],"author":[{"embeddable":true,"href":"https:\/\/www.lintelligentdabidjan.info\/news\/wp-json\/wp\/v2\/users\/4"}],"replies":[{"embeddable":true,"href":"https:\/\/www.lintelligentdabidjan.info\/news\/wp-json\/wp\/v2\/comments?post=38050"}],"version-history":[{"count":1,"href":"https:\/\/www.lintelligentdabidjan.info\/news\/wp-json\/wp\/v2\/posts\/38050\/revisions"}],"predecessor-version":[{"id":38052,"href":"https:\/\/www.lintelligentdabidjan.info\/news\/wp-json\/wp\/v2\/posts\/38050\/revisions\/38052"}],"wp:featuredmedia":[{"embeddable":true,"href":"https:\/\/www.lintelligentdabidjan.info\/news\/wp-json\/wp\/v2\/media\/38051"}],"wp:attachment":[{"href":"https:\/\/www.lintelligentdabidjan.info\/news\/wp-json\/wp\/v2\/media?parent=38050"}],"wp:term":[{"taxonomy":"category","embeddable":true,"href":"https:\/\/www.lintelligentdabidjan.info\/news\/wp-json\/wp\/v2\/categories?post=38050"},{"taxonomy":"post_tag","embeddable":true,"href":"https:\/\/www.lintelligentdabidjan.info\/news\/wp-json\/wp\/v2\/tags?post=38050"}],"curies":[{"name":"wp","href":"https:\/\/api.w.org\/{rel}","templated":true}]}}