{"id":38053,"date":"2025-05-05T06:01:39","date_gmt":"2025-05-05T04:01:39","guid":{"rendered":"https:\/\/www.lintelligentdabidjan.info\/news\/?p=38053"},"modified":"2025-05-05T06:02:07","modified_gmt":"2025-05-05T04:02:07","slug":"mamini-le-conseil-regional-du-gbeke-offre-un-batiment-de-trois-salles-de-classe-a-alloukro","status":"publish","type":"post","link":"https:\/\/www.lintelligentdabidjan.info\/news\/mamini-le-conseil-regional-du-gbeke-offre-un-batiment-de-trois-salles-de-classe-a-alloukro\/","title":{"rendered":"Mamini-    Le Conseil r\u00e9gional du Gb\u00eak\u00ea offre un b\u00e2timent de trois salles de classe \u00e0 Alloukro"},"content":{"rendered":"<p><em><strong>Dans le cadre de son programme d&#8217;urgence pour l&#8217;\u00e9ducation, le Conseil r\u00e9gional du Gb\u00eak\u00ea, dirig\u00e9 par le ministre Jacques Assahor\u00e9 Konan, a proc\u00e9d\u00e9, le vendredi 2 mai 2025, \u00e0 la remise officielle d\u2019un b\u00e2timent de trois salles de classe au village d\u2019Alloukro, situ\u00e9 \u00e0 15 kilom\u00e8tres de Brobo, dans la sous-pr\u00e9fecture de Mamini.<\/strong><\/em><\/p>\n<p>La c\u00e9r\u00e9monie de remise des cl\u00e9s s\u2019est d\u00e9roul\u00e9e au sein de l\u2019\u00e9tablissement scolaire d\u2019Alloukro, en pr\u00e9sence du sous-pr\u00e9fet de Mamini, de plusieurs autorit\u00e9s administratives, des enseignants ainsi que des populations locales, venues nombreuses saluer cette initiative.<\/p>\n<p>Repr\u00e9sentant le pr\u00e9sident du Conseil r\u00e9gional, le conseiller Kouassi Koffi Beno\u00eet a exprim\u00e9 sa gratitude envers les habitants d\u2019Alloukro pour la confiance renouvel\u00e9e \u00e0 l\u2019endroit du pr\u00e9sident du Conseil r\u00e9gional depuis son \u00e9lection. Il a \u00e9galement annonc\u00e9 de nouveaux investissements dans les diff\u00e9rentes localit\u00e9s de Mamini, notamment dans les domaines \u00e9ducatif et social, en vue de d\u00e9senclaver ces zones rurales. \u00ab Je vous assure que les ann\u00e9es \u00e0 venir vont en surprendre plus d\u2019un. Nous venons d\u2019achever notre c\u00e9r\u00e9monie triennale, et d\u00e9j\u00e0 de nombreux projets sont programm\u00e9s au b\u00e9n\u00e9fice des populations. Notre devoir est d\u2019\u00eatre \u00e0 vos c\u00f4t\u00e9s et de vous servir \u00bb, a-t-il d\u00e9clar\u00e9.<\/p>\n<p>Se f\u00e9licitant de la dynamique enclench\u00e9e, il a lanc\u00e9 un appel \u00e0 l\u2019unit\u00e9 des cadres d\u2019Alloukro autour du d\u00e9veloppement de leur village.<\/p>\n<p>Le pr\u00e9sident de la c\u00e9r\u00e9monie, le sous-pr\u00e9fet de Mamini, Ouattara Mory, a salu\u00e9 la r\u00e9alisation de cette infrastructure, qu\u2019il a qualifi\u00e9e d\u2019indispensable pour une \u00e9ducation de qualit\u00e9 : \u00ab Je tiens \u00e0 adresser mes vifs remerciements au Conseil r\u00e9gional du Gb\u00eak\u00ea, dirig\u00e9 par le ministre Jacques Assahor\u00e9 Konan, pour la construction de ce b\u00e2timent bien \u00e9quip\u00e9, qui va grandement faciliter l\u2019apprentissage des enfants \u00bb, a-t-il soulign\u00e9.<\/p>\n<p>Il a saisi l\u2019occasion pour inviter les parents et les \u00e9l\u00e8ves \u00e0 prendre soin de cette infrastructure : \u00ab Je demande aux parents d\u2019Alloukro de veiller \u00e0 l\u2019entretien du b\u00e2timent, et j\u2019encourage les \u00e9l\u00e8ves \u00e0 obtenir de bons r\u00e9sultats afin d\u2019honorer le Conseil r\u00e9gional \u00bb, a-t-il ajout\u00e9.<\/p>\n<p>Le corps enseignant, pour sa part, s\u2019est dit soulag\u00e9 par l\u2019arriv\u00e9e de ce nouveau b\u00e2timent, qui vient pallier le manque de salles de classe apr\u00e8s la destruction de l\u2019ancien b\u00e2timent par un violent vent.<\/p>\n<p>\u00ab C\u2019est un v\u00e9ritable soulagement pour nous. Les conditions d\u2019enseignement vont nettement s\u2019am\u00e9liorer. C\u2019\u00e9tait devenu tr\u00e8s difficile \u00bb, a t\u00e9moign\u00e9 le directeur de l\u2019\u00e9tablissement, Horo Serge Landry St\u00e9phane.<\/p>\n<p>Il est \u00e0 noter que la construction de logements pour les enseignants est \u00e9galement en cours dans le village, afin d\u2019am\u00e9liorer leurs conditions de vie et renforcer l\u2019attractivit\u00e9 du m\u00e9tier dans cette zone.<\/p>\n<p><strong>Nambac\u00e9r\u00e9 Jo\u00ebl <\/strong><\/p>\n","protected":false},"excerpt":{"rendered":"<p>Dans le cadre de son programme d&#8217;urgence pour l&#8217;\u00e9ducation, le Conseil r\u00e9gional du Gb\u00eak\u00ea, dirig\u00e9 par le ministre Jacques Assahor\u00e9 Konan, a proc\u00e9d\u00e9, le vendredi 2 mai 2025, \u00e0 la remise officielle d\u2019un b\u00e2timent de trois salles de classe au village d\u2019Alloukro, situ\u00e9 \u00e0 15 kilom\u00e8tres de Brobo, dans la sous-pr\u00e9fecture de Mamini. La c\u00e9r\u00e9monie [&hellip;]<\/p>\n","protected":false},"author":4,"featured_media":38054,"comment_status":"closed","ping_status":"closed","sticky":false,"template":"","format":"standard","meta":{"_monsterinsights_skip_tracking":false,"_monsterinsights_sitenote_active":false,"_monsterinsights_sitenote_note":"","_monsterinsights_sitenote_category":0,"footnotes":""},"categories":[2,3],"tags":[5099,5097,5096,5095,5098],"class_list":["post-38053","post","type-post","status-publish","format-standard","has-post-thumbnail","hentry","category-featured","category-societe","tag-alloukro","tag-batiment","tag-le-conseil-regional-du-gbeke","tag-mamini","tag-salles-de-classe"],"_links":{"self":[{"href":"https:\/\/www.lintelligentdabidjan.info\/news\/wp-json\/wp\/v2\/posts\/38053","targetHints":{"allow":["GET"]}}],"collection":[{"href":"https:\/\/www.lintelligentdabidjan.info\/news\/wp-json\/wp\/v2\/posts"}],"about":[{"href":"https:\/\/www.lintelligentdabidjan.info\/news\/wp-json\/wp\/v2\/types\/post"}],"author":[{"embeddable":true,"href":"https:\/\/www.lintelligentdabidjan.info\/news\/wp-json\/wp\/v2\/users\/4"}],"replies":[{"embeddable":true,"href":"https:\/\/www.lintelligentdabidjan.info\/news\/wp-json\/wp\/v2\/comments?post=38053"}],"version-history":[{"count":1,"href":"https:\/\/www.lintelligentdabidjan.info\/news\/wp-json\/wp\/v2\/posts\/38053\/revisions"}],"predecessor-version":[{"id":38055,"href":"https:\/\/www.lintelligentdabidjan.info\/news\/wp-json\/wp\/v2\/posts\/38053\/revisions\/38055"}],"wp:featuredmedia":[{"embeddable":true,"href":"https:\/\/www.lintelligentdabidjan.info\/news\/wp-json\/wp\/v2\/media\/38054"}],"wp:attachment":[{"href":"https:\/\/www.lintelligentdabidjan.info\/news\/wp-json\/wp\/v2\/media?parent=38053"}],"wp:term":[{"taxonomy":"category","embeddable":true,"href":"https:\/\/www.lintelligentdabidjan.info\/news\/wp-json\/wp\/v2\/categories?post=38053"},{"taxonomy":"post_tag","embeddable":true,"href":"https:\/\/www.lintelligentdabidjan.info\/news\/wp-json\/wp\/v2\/tags?post=38053"}],"curies":[{"name":"wp","href":"https:\/\/api.w.org\/{rel}","templated":true}]}}