{"id":38059,"date":"2025-05-05T06:08:20","date_gmt":"2025-05-05T04:08:20","guid":{"rendered":"https:\/\/www.lintelligentdabidjan.info\/news\/?p=38059"},"modified":"2025-05-05T06:08:28","modified_gmt":"2025-05-05T04:08:28","slug":"lintelligent-en-pdf-polemique-autour-de-la-cei-le-barreau-ivoirien-comme-le-ppa-ci-et-le-pdci","status":"publish","type":"post","link":"https:\/\/www.lintelligentdabidjan.info\/news\/lintelligent-en-pdf-polemique-autour-de-la-cei-le-barreau-ivoirien-comme-le-ppa-ci-et-le-pdci\/","title":{"rendered":"L&#8217;Intelligent en PDF:    Pol\u00e9mique autour de la CEI   Le Barreau ivoirien comme le Ppa-ci et le Pdci"},"content":{"rendered":"<p><strong>Le 29 avril 2025, le Barreau de C\u00f4te d\u2019Ivoire a rendu publique une d\u00e9claration dans laquelle il prend position sur le climat pr\u00e9\u00e9lectoral. Il \u00e9voque notamment les observations faites au sujet de la Commission \u00e9lectorale ind\u00e9pendante (CEI) et de la liste \u00e9lectorale. Dans un contexte d\u00e9j\u00e0 marqu\u00e9 par la suspension de la participation du PDCI et du PPA-CI aux travaux du bureau la CEI, la d\u00e9claration du Barreau suscite des interrogations.<\/strong><\/p>\n<p>La suite \u00e0 d\u00e9couvrir dans vos kiosques et en ligne sur&#8230;<\/p>\n<p><a href=\"https:\/\/news.abidjan.net\/titrologie\/39-lintelligent-dabidjan\/articles\" target=\"_blank\">https:\/\/news.abidjan.net\/titrologie\/39-lintelligent-dabidjan\/articles<\/a><\/p>\n<p>\u00c0 lire aussi Les nouvelles v\u00e9rit\u00e9s de Ciss\u00e9 Bacongo au PPA-CI et PDCI-RDA, Mamadou Tour\u00e9 promet plus d&#8217;intransigeance en 2025 apr\u00e8s la fermet\u00e9 de 2020, Bruno Kon\u00e9 estime que le Rhdp a les militants les mieux form\u00e9s&#8221;, Colonel Ouloto \u00e0 Klahon pour l\u2019\u00e9ternit\u00e9 Lass Mao pour le dialogue PDCI -RHDP apr\u00e8s la radiation de Thiam, ce que le Pdci Rda a dit \u00e0 Port Bouet sur la question.<\/p>\n<p>Cliquez pour les d\u00e9tails<\/p>\n<p><a href=\"https:\/\/www.afrikipresse.fr\/abonnement\" target=\"_blank\">https:\/\/www.afrikipresse.fr\/abonnement<\/a><\/p>\n<p>\u00c0 voir \u00e9galement le t\u00e9moignage de Beugr\u00e9 Mamb\u00e9 sur l&#8217;oeuvre &#8220;Briser les cha\u00eenes de la pauvret\u00e9\u2019\u2019 et Adama Adepoju et Alain Tailly parlent du conte au Goethe Institute.<\/p>\n<p><a href=\"https:\/\/www.pressecotedivoire.ci\/titrologie\" target=\"_blank\">https:\/\/www.pressecotedivoire.ci\/titrologie<\/a><\/p>\n","protected":false},"excerpt":{"rendered":"<p>Le 29 avril 2025, le Barreau de C\u00f4te d\u2019Ivoire a rendu publique une d\u00e9claration dans laquelle il prend position sur le climat pr\u00e9\u00e9lectoral. Il \u00e9voque notamment les observations faites au sujet de la Commission \u00e9lectorale ind\u00e9pendante (CEI) et de la liste \u00e9lectorale. Dans un contexte d\u00e9j\u00e0 marqu\u00e9 par la suspension de la participation du PDCI [&hellip;]<\/p>\n","protected":false},"author":4,"featured_media":38060,"comment_status":"closed","ping_status":"closed","sticky":false,"template":"","format":"standard","meta":{"_monsterinsights_skip_tracking":false,"_monsterinsights_sitenote_active":false,"_monsterinsights_sitenote_note":"","_monsterinsights_sitenote_category":0,"footnotes":""},"categories":[2,3],"tags":[],"class_list":["post-38059","post","type-post","status-publish","format-standard","has-post-thumbnail","hentry","category-featured","category-societe"],"_links":{"self":[{"href":"https:\/\/www.lintelligentdabidjan.info\/news\/wp-json\/wp\/v2\/posts\/38059","targetHints":{"allow":["GET"]}}],"collection":[{"href":"https:\/\/www.lintelligentdabidjan.info\/news\/wp-json\/wp\/v2\/posts"}],"about":[{"href":"https:\/\/www.lintelligentdabidjan.info\/news\/wp-json\/wp\/v2\/types\/post"}],"author":[{"embeddable":true,"href":"https:\/\/www.lintelligentdabidjan.info\/news\/wp-json\/wp\/v2\/users\/4"}],"replies":[{"embeddable":true,"href":"https:\/\/www.lintelligentdabidjan.info\/news\/wp-json\/wp\/v2\/comments?post=38059"}],"version-history":[{"count":1,"href":"https:\/\/www.lintelligentdabidjan.info\/news\/wp-json\/wp\/v2\/posts\/38059\/revisions"}],"predecessor-version":[{"id":38061,"href":"https:\/\/www.lintelligentdabidjan.info\/news\/wp-json\/wp\/v2\/posts\/38059\/revisions\/38061"}],"wp:featuredmedia":[{"embeddable":true,"href":"https:\/\/www.lintelligentdabidjan.info\/news\/wp-json\/wp\/v2\/media\/38060"}],"wp:attachment":[{"href":"https:\/\/www.lintelligentdabidjan.info\/news\/wp-json\/wp\/v2\/media?parent=38059"}],"wp:term":[{"taxonomy":"category","embeddable":true,"href":"https:\/\/www.lintelligentdabidjan.info\/news\/wp-json\/wp\/v2\/categories?post=38059"},{"taxonomy":"post_tag","embeddable":true,"href":"https:\/\/www.lintelligentdabidjan.info\/news\/wp-json\/wp\/v2\/tags?post=38059"}],"curies":[{"name":"wp","href":"https:\/\/api.w.org\/{rel}","templated":true}]}}