{"id":38066,"date":"2025-05-06T06:44:11","date_gmt":"2025-05-06T04:44:11","guid":{"rendered":"https:\/\/www.lintelligentdabidjan.info\/news\/?p=38066"},"modified":"2025-05-06T06:44:15","modified_gmt":"2025-05-06T04:44:15","slug":"ceremonie-dhonneur-a-lembleme-national-limportance-de-la-formation-professionnelle-evoquee","status":"publish","type":"post","link":"https:\/\/www.lintelligentdabidjan.info\/news\/ceremonie-dhonneur-a-lembleme-national-limportance-de-la-formation-professionnelle-evoquee\/","title":{"rendered":"C\u00e9r\u00e9monie d\u2019honneur \u00e0 l\u2019embl\u00e8me national-  L\u2019importance de la formation professionnelle \u00e9voqu\u00e9e"},"content":{"rendered":"<p><strong>L\u2019importance de la formation professionnelle a \u00e9t\u00e9 \u00e9voqu\u00e9e \u00e0 la c\u00e9r\u00e9monie d\u2019honneur \u00e0 l\u2019embl\u00e8me national.<\/strong><\/p>\n<p>Le   lundi 5 mai 2025, s\u2019est tenue, sur l\u2019esplanade de la Cit\u00e9 administrative au Plateau, la c\u00e9r\u00e9monie mensuelle d\u2019honneur \u00e0 l\u2019embl\u00e8me national, \u00e0 l\u2019initiative du Minist\u00e8re de la Jeunesse, de la Promotion de la Jeunesse, de l\u2019Insertion Professionnelle et du Service Civique. Organis\u00e9 chaque premier lundi du mois, ce rendez-vous civique rassemble les fonctionnaires et agents de l\u2019\u00c9tat autour des symboles r\u00e9publicains et des valeurs citoyennes.<\/p>\n<p>La c\u00e9r\u00e9monie a d\u00e9but\u00e9 par la mont\u00e9e solennelle des drapeaux, accompagn\u00e9e des honneurs rendus \u00e0 l\u2019embl\u00e8me national par l\u2019orchestre de la Gendarmerie nationale. Ce moment de recueillement a \u00e9t\u00e9 suivi d\u2019une allocution de Madame N\u2019Diaye, Conseill\u00e8re technique au Minist\u00e8re de l\u2019Enseignement technique et de la Formation professionnelle, autour du th\u00e8me : \u2018\u2019La formation professionnelle comme outil d\u2019autonomisation des jeunes et de citoyennet\u00e9 active\u2019\u2019.<\/p>\n<p>Dans son intervention, Madame N\u2019Diaye a soulign\u00e9 que la formation professionnelle constitue une r\u00e9ponse strat\u00e9gique, multidimensionnelle et inclusive face au ch\u00f4mage. Elle a insist\u00e9 sur son r\u00f4le comme passerelle directe vers l\u2019emploi et l\u2019entrepreneuriat, en dotant les jeunes de comp\u00e9tences pratiques en ad\u00e9quation avec les besoins du march\u00e9. Selon elle, la formation professionnelle permet aussi une v\u00e9ritable mobilit\u00e9 sociale, notamment pour les jeunes issus de milieux modestes, en leur ouvrant des perspectives valorisantes.<\/p>\n<p>\u00ab\u202fLa formation professionnelle est \u00e9galement un espace de transformation personnelle\u202f\u00bb, a-t-elle d\u00e9clar\u00e9, expliquant qu\u2019elle renforce la confiance en soi, cultive la rigueur, la discipline, l\u2019engagement, et fait na\u00eetre des vocations. \u00ab\u202fElle lib\u00e8re les potentialit\u00e9s et favorise une autonomie non seulement \u00e9conomique, mais aussi intellectuelle et sociale\u202f\u00bb, a-t-elle poursuivi avec conviction.<\/p>\n<p>Pour conclure, Madame N\u2019Diaye a affirm\u00e9 que &#8220;Investir dans la formation professionnelle, c\u2019est investir dans la paix, la croissance et la dignit\u00e9 humaine. C\u2019est faire le choix de la transformation structurelle et durable.&#8221; Elle a ainsi lanc\u00e9 un appel aux d\u00e9cideurs, formateurs, encadreurs et citoyens \u00e0 \u0153uvrer pour une formation professionnelle de qualit\u00e9, accessible, \u00e9quitable, et connect\u00e9e aux r\u00e9alit\u00e9s \u00e9conomiques nationales.<\/p>\n<p>Il convient de rappeler que cette c\u00e9r\u00e9monie mensuelle d\u2019hommage au drapeau s\u2019inscrit dans une dynamique de transformation sociale, port\u00e9e par la Direction du civisme et de l\u2019engagement citoyen. \u00c0 travers ce rituel, le minist\u00e8re entend faire des institutions publiques des bastions des valeurs r\u00e9publicaines, en faisant de chaque fonctionnaire un v\u00e9ritable ambassadeur de l\u2019unit\u00e9, de la discipline et du travail.<\/p>\n<p><strong>Tour\u00e9 Abdoulaye avec L. Abdul<\/strong><\/p>\n","protected":false},"excerpt":{"rendered":"<p>L\u2019importance de la formation professionnelle a \u00e9t\u00e9 \u00e9voqu\u00e9e \u00e0 la c\u00e9r\u00e9monie d\u2019honneur \u00e0 l\u2019embl\u00e8me national. Le lundi 5 mai 2025, s\u2019est tenue, sur l\u2019esplanade de la Cit\u00e9 administrative au Plateau, la c\u00e9r\u00e9monie mensuelle d\u2019honneur \u00e0 l\u2019embl\u00e8me national, \u00e0 l\u2019initiative du Minist\u00e8re de la Jeunesse, de la Promotion de la Jeunesse, de l\u2019Insertion Professionnelle et du [&hellip;]<\/p>\n","protected":false},"author":4,"featured_media":38067,"comment_status":"closed","ping_status":"closed","sticky":false,"template":"","format":"standard","meta":{"_monsterinsights_skip_tracking":false,"_monsterinsights_sitenote_active":false,"_monsterinsights_sitenote_note":"","_monsterinsights_sitenote_category":0,"footnotes":""},"categories":[2,3],"tags":[5103,4454,3161],"class_list":["post-38066","post","type-post","status-publish","format-standard","has-post-thumbnail","hentry","category-featured","category-societe","tag-ceremonie-dhonneur","tag-embleme-national","tag-formation-professionnelle"],"_links":{"self":[{"href":"https:\/\/www.lintelligentdabidjan.info\/news\/wp-json\/wp\/v2\/posts\/38066","targetHints":{"allow":["GET"]}}],"collection":[{"href":"https:\/\/www.lintelligentdabidjan.info\/news\/wp-json\/wp\/v2\/posts"}],"about":[{"href":"https:\/\/www.lintelligentdabidjan.info\/news\/wp-json\/wp\/v2\/types\/post"}],"author":[{"embeddable":true,"href":"https:\/\/www.lintelligentdabidjan.info\/news\/wp-json\/wp\/v2\/users\/4"}],"replies":[{"embeddable":true,"href":"https:\/\/www.lintelligentdabidjan.info\/news\/wp-json\/wp\/v2\/comments?post=38066"}],"version-history":[{"count":1,"href":"https:\/\/www.lintelligentdabidjan.info\/news\/wp-json\/wp\/v2\/posts\/38066\/revisions"}],"predecessor-version":[{"id":38068,"href":"https:\/\/www.lintelligentdabidjan.info\/news\/wp-json\/wp\/v2\/posts\/38066\/revisions\/38068"}],"wp:featuredmedia":[{"embeddable":true,"href":"https:\/\/www.lintelligentdabidjan.info\/news\/wp-json\/wp\/v2\/media\/38067"}],"wp:attachment":[{"href":"https:\/\/www.lintelligentdabidjan.info\/news\/wp-json\/wp\/v2\/media?parent=38066"}],"wp:term":[{"taxonomy":"category","embeddable":true,"href":"https:\/\/www.lintelligentdabidjan.info\/news\/wp-json\/wp\/v2\/categories?post=38066"},{"taxonomy":"post_tag","embeddable":true,"href":"https:\/\/www.lintelligentdabidjan.info\/news\/wp-json\/wp\/v2\/tags?post=38066"}],"curies":[{"name":"wp","href":"https:\/\/api.w.org\/{rel}","templated":true}]}}