{"id":38072,"date":"2025-05-06T06:50:31","date_gmt":"2025-05-06T04:50:31","guid":{"rendered":"https:\/\/www.lintelligentdabidjan.info\/news\/?p=38072"},"modified":"2025-05-06T06:50:31","modified_gmt":"2025-05-06T04:50:31","slug":"situation-sociopolitique-aide-sengage-pour-une-cote-divoire-solidaire-et-republicaine","status":"publish","type":"post","link":"https:\/\/www.lintelligentdabidjan.info\/news\/situation-sociopolitique-aide-sengage-pour-une-cote-divoire-solidaire-et-republicaine\/","title":{"rendered":"Situation sociopolitique-  AIDE s&#8217;engage pour une C\u00f4te d&#8217;Ivoire solidaire et r\u00e9publicaine"},"content":{"rendered":"<p><em><strong>Le mouvement politique Agir pour les institutions et le D\u00e9veloppement (AIDE) a effectu\u00e9 sa rentr\u00e9e politique le samedi 3 mai 2025, au Centre d\u2019action culturelle de la commune d\u2019Abobo. Une c\u00e9r\u00e9monie plac\u00e9e sous le signe de la solidarit\u00e9, de la justice sociale et de la promotion des valeurs r\u00e9publicaines.<\/strong><\/em><\/p>\n<p>Devant un public compos\u00e9 de d\u00e9l\u00e9gu\u00e9s, de jeunes, de femmes et de sympathisants venus de plusieurs villes et communes, Me Bamba Yacouba, pr\u00e9sident du mouvement, a dit : \u00ab Je n\u2019ai pas d\u2019ambition personnelle, je suis un serviteur d\u2019un mouvement qui veut que chaque citoyen puisse jouir de ses droits fondamentaux, se nourrir, se loger et vivre en s\u00e9curit\u00e9 \u00bb Poursuivant, il a insist\u00e9 sur la n\u00e9cessit\u00e9 de construire une soci\u00e9t\u00e9 plus responsable et solidaire. Il a soulign\u00e9 l\u2019engagement du mouvement \u00e0 d\u00e9fendre les valeurs de solidarit\u00e9 et \u00e0 consolider son ancrage sur toute l\u2019\u00e9tendue du territoire national. Dans le m\u00eame \u00e9lan, le secr\u00e9taire g\u00e9n\u00e9ral du mouvement, Ouattara Wologo Oumar, a rappel\u00e9 l&#8217;identit\u00e9 r\u00e9publicaine et profond\u00e9ment humaniste du mouvement.<\/p>\n<p>Des voix f\u00e9minines se sont \u00e9galement fait entendre. Zunon Toualy G\u00e9raldine Jos\u00e9e Epse Akpa, vice-pr\u00e9sidente charg\u00e9e de la mobilisation des femmes, et Blakson Lydie Marcelle, d\u00e9l\u00e9gu\u00e9e d\u00e9partementale de Cocody, ont lanc\u00e9 un appel \u00e0 l&#8217;engagement citoyen, notamment des femmes et des jeunes, pour b\u00e2tir une soci\u00e9t\u00e9 plus \u00e9quitable. Fond\u00e9 en mai 2024, le mouvement AIDE a souffl\u00e9 sa premi\u00e8re bougie \u00e0 l&#8217;occasion de sa rentr\u00e9e politique.<\/p>\n<p><strong>Mamadou Ouattara avec Ly Abdul <\/strong><\/p>\n","protected":false},"excerpt":{"rendered":"<p>Le mouvement politique Agir pour les institutions et le D\u00e9veloppement (AIDE) a effectu\u00e9 sa rentr\u00e9e politique le samedi 3 mai 2025, au Centre d\u2019action culturelle de la commune d\u2019Abobo. Une c\u00e9r\u00e9monie plac\u00e9e sous le signe de la solidarit\u00e9, de la justice sociale et de la promotion des valeurs r\u00e9publicaines. Devant un public compos\u00e9 de d\u00e9l\u00e9gu\u00e9s, [&hellip;]<\/p>\n","protected":false},"author":4,"featured_media":38073,"comment_status":"closed","ping_status":"closed","sticky":false,"template":"","format":"standard","meta":{"_monsterinsights_skip_tracking":false,"_monsterinsights_sitenote_active":false,"_monsterinsights_sitenote_note":"","_monsterinsights_sitenote_category":0,"footnotes":""},"categories":[2,17],"tags":[3468,77,5107,5106,2990],"class_list":["post-38072","post","type-post","status-publish","format-standard","has-post-thumbnail","hentry","category-featured","category-politique","tag-aide","tag-cote-divoire","tag-republicaine","tag-situation-sociopolitique","tag-solidaire"],"_links":{"self":[{"href":"https:\/\/www.lintelligentdabidjan.info\/news\/wp-json\/wp\/v2\/posts\/38072","targetHints":{"allow":["GET"]}}],"collection":[{"href":"https:\/\/www.lintelligentdabidjan.info\/news\/wp-json\/wp\/v2\/posts"}],"about":[{"href":"https:\/\/www.lintelligentdabidjan.info\/news\/wp-json\/wp\/v2\/types\/post"}],"author":[{"embeddable":true,"href":"https:\/\/www.lintelligentdabidjan.info\/news\/wp-json\/wp\/v2\/users\/4"}],"replies":[{"embeddable":true,"href":"https:\/\/www.lintelligentdabidjan.info\/news\/wp-json\/wp\/v2\/comments?post=38072"}],"version-history":[{"count":1,"href":"https:\/\/www.lintelligentdabidjan.info\/news\/wp-json\/wp\/v2\/posts\/38072\/revisions"}],"predecessor-version":[{"id":38074,"href":"https:\/\/www.lintelligentdabidjan.info\/news\/wp-json\/wp\/v2\/posts\/38072\/revisions\/38074"}],"wp:featuredmedia":[{"embeddable":true,"href":"https:\/\/www.lintelligentdabidjan.info\/news\/wp-json\/wp\/v2\/media\/38073"}],"wp:attachment":[{"href":"https:\/\/www.lintelligentdabidjan.info\/news\/wp-json\/wp\/v2\/media?parent=38072"}],"wp:term":[{"taxonomy":"category","embeddable":true,"href":"https:\/\/www.lintelligentdabidjan.info\/news\/wp-json\/wp\/v2\/categories?post=38072"},{"taxonomy":"post_tag","embeddable":true,"href":"https:\/\/www.lintelligentdabidjan.info\/news\/wp-json\/wp\/v2\/tags?post=38072"}],"curies":[{"name":"wp","href":"https:\/\/api.w.org\/{rel}","templated":true}]}}