{"id":38078,"date":"2025-05-06T06:58:18","date_gmt":"2025-05-06T04:58:18","guid":{"rendered":"https:\/\/www.lintelligentdabidjan.info\/news\/?p=38078"},"modified":"2025-05-06T06:58:22","modified_gmt":"2025-05-06T04:58:22","slug":"cote-divoire-lettre-ouverte-a-madame-la-batonniere-de-lordre-des-avocats","status":"publish","type":"post","link":"https:\/\/www.lintelligentdabidjan.info\/news\/cote-divoire-lettre-ouverte-a-madame-la-batonniere-de-lordre-des-avocats\/","title":{"rendered":"C\u00f4te d\u2019Ivoire : Lettre ouverte \u00e0 Madame la B\u00e2tonni\u00e8re de l\u2019Ordre des avocats"},"content":{"rendered":"<p><strong>Abidjan, le 29 avril 2025<\/strong><\/p>\n<p>Madame la B\u00e2tonni\u00e8re,<\/p>\n<p>En tant que citoyen attach\u00e9 au respect des institutions, je me permets de vous adresser cette lettre ouverte pour exprimer une profonde pr\u00e9occupation face \u00e0 la posture publique adopt\u00e9e par certains avocats, \u00e0 l\u2019occasion de la d\u00e9cision judiciaire relative \u00e0 la radiation de M. Tidjane Thiam des listes \u00e9lectorales.<\/p>\n<p>Plut\u00f4t que d\u2019emprunter les voies de recours pr\u00e9vues par la loi, ces avocats se sont lanc\u00e9s dans une contestation m\u00e9diatique, tenant des propos tendancieux et d\u00e9stabilisants \u00e0 l\u2019encontre d\u2019une d\u00e9cision de justice.<\/p>\n<p>Pire, la mani\u00e8re dont ils ont pr\u00e9sent\u00e9 leur argumentaire, en pr\u00e9sence de militants politiques, tend \u00e0 d\u00e9signer la magistrate ayant rendu la d\u00e9cision comme cible d\u2019une vindicte partisane (je vous informe que la brutalisation du discours politique n\u2019est plus \u00e0 d\u00e9montrer, c\u2019est un fait r\u00e9current).<\/p>\n<p>Un tel comportement est de nature \u00e0 fragiliser l\u2019autorit\u00e9 judiciaire, \u00e0 exposer des magistrats \u00e0 des pressions inacceptables, et \u00e0 nuire \u00e0 l\u2019image m\u00eame de la profession d\u2019avocat, cens\u00e9e d\u00e9fendre le droit dans la dignit\u00e9 et la retenue.<\/p>\n<p>Je vous exhorte, Madame la B\u00e2tonni\u00e8re, \u00e0 faire entendre la voix de l\u2019Ordre face \u00e0 ces d\u00e9rives, en rappelant les principes d\u00e9ontologiques qui encadrent la profession et en agissant, le cas \u00e9ch\u00e9ant, avec la fermet\u00e9 requise. Je ne vous ferai pas l\u2019insulte de vous rappeler que des sanctions disciplinaires et administratives sont pr\u00e9vues par vos textes \u00e0 cet effet, Il y va de la cr\u00e9dibilit\u00e9 de la justice, mais aussi de la noblesse de votre mission.<\/p>\n<p>Votre silence, tout comme celui de votre organisation, sera interpr\u00e9t\u00e9 comme une complicit\u00e9, faites en sorte qu\u2019il n\u2019en soit pas ainsi, car il est encore temps.<\/p>\n<p>Veuillez agr\u00e9er, Madame la B\u00e2tonni\u00e8re, l\u2019expression de ma consid\u00e9ration respectueuse.<\/p>\n<p><strong>[Yeo D. Moustapha]<\/p>\n<p>Citoyen ivoirien<\/strong><\/p>\n","protected":false},"excerpt":{"rendered":"<p>Abidjan, le 29 avril 2025 Madame la B\u00e2tonni\u00e8re, En tant que citoyen attach\u00e9 au respect des institutions, je me permets de vous adresser cette lettre ouverte pour exprimer une profonde pr\u00e9occupation face \u00e0 la posture publique adopt\u00e9e par certains avocats, \u00e0 l\u2019occasion de la d\u00e9cision judiciaire relative \u00e0 la radiation de M. Tidjane Thiam des [&hellip;]<\/p>\n","protected":false},"author":4,"featured_media":38079,"comment_status":"closed","ping_status":"closed","sticky":false,"template":"","format":"standard","meta":{"_monsterinsights_skip_tracking":false,"_monsterinsights_sitenote_active":false,"_monsterinsights_sitenote_note":"","_monsterinsights_sitenote_category":0,"footnotes":""},"categories":[2,17],"tags":[5111,77,5110,5112],"class_list":["post-38078","post","type-post","status-publish","format-standard","has-post-thumbnail","hentry","category-featured","category-politique","tag-batonniere","tag-cote-divoire","tag-lettre-ouverte","tag-ordre-des-avocats"],"_links":{"self":[{"href":"https:\/\/www.lintelligentdabidjan.info\/news\/wp-json\/wp\/v2\/posts\/38078","targetHints":{"allow":["GET"]}}],"collection":[{"href":"https:\/\/www.lintelligentdabidjan.info\/news\/wp-json\/wp\/v2\/posts"}],"about":[{"href":"https:\/\/www.lintelligentdabidjan.info\/news\/wp-json\/wp\/v2\/types\/post"}],"author":[{"embeddable":true,"href":"https:\/\/www.lintelligentdabidjan.info\/news\/wp-json\/wp\/v2\/users\/4"}],"replies":[{"embeddable":true,"href":"https:\/\/www.lintelligentdabidjan.info\/news\/wp-json\/wp\/v2\/comments?post=38078"}],"version-history":[{"count":1,"href":"https:\/\/www.lintelligentdabidjan.info\/news\/wp-json\/wp\/v2\/posts\/38078\/revisions"}],"predecessor-version":[{"id":38080,"href":"https:\/\/www.lintelligentdabidjan.info\/news\/wp-json\/wp\/v2\/posts\/38078\/revisions\/38080"}],"wp:featuredmedia":[{"embeddable":true,"href":"https:\/\/www.lintelligentdabidjan.info\/news\/wp-json\/wp\/v2\/media\/38079"}],"wp:attachment":[{"href":"https:\/\/www.lintelligentdabidjan.info\/news\/wp-json\/wp\/v2\/media?parent=38078"}],"wp:term":[{"taxonomy":"category","embeddable":true,"href":"https:\/\/www.lintelligentdabidjan.info\/news\/wp-json\/wp\/v2\/categories?post=38078"},{"taxonomy":"post_tag","embeddable":true,"href":"https:\/\/www.lintelligentdabidjan.info\/news\/wp-json\/wp\/v2\/tags?post=38078"}],"curies":[{"name":"wp","href":"https:\/\/api.w.org\/{rel}","templated":true}]}}