{"id":38081,"date":"2025-05-06T07:04:05","date_gmt":"2025-05-06T05:04:05","guid":{"rendered":"https:\/\/www.lintelligentdabidjan.info\/news\/?p=38081"},"modified":"2025-05-06T07:04:13","modified_gmt":"2025-05-06T05:04:13","slug":"lintelligent-en-pdf-interview-porte-parole-adjoint-du-gouvernement-mamadou-toure-denonce-lopposition-ivoirienne-des-putschistes-qui-se-battent-pour-empecher-les-elections","status":"publish","type":"post","link":"https:\/\/www.lintelligentdabidjan.info\/news\/lintelligent-en-pdf-interview-porte-parole-adjoint-du-gouvernement-mamadou-toure-denonce-lopposition-ivoirienne-des-putschistes-qui-se-battent-pour-empecher-les-elections\/","title":{"rendered":"L&#8217;Intelligent en PDF:   Interview &#8211; Porte-parole adjoint du gouvernement, Mamadou Tour\u00e9 d\u00e9nonce l\u2019opposition ivoirienne  : \u00abDes putschistes qui se battent pour emp\u00eacher les \u00e9lections"},"content":{"rendered":"<p><strong>Mamadou Tour\u00e9, ministre de la Promotion de la Jeunesse, de l\u2019Insertion socioprofessionnelle et du Service civique, ainsi que porte-parole adjoint du RHDP, \u00e9tait l\u2019invit\u00e9 de TV5 le lundi 5 mai 2025.<\/strong><\/p>\n<p>Il a abord\u00e9 la situation sociopolitique, marqu\u00e9e notamment par la radiation du pr\u00e9sident du PDCI, Tidjane Thiam, de la liste \u00e9lectorale, ainsi que par les manifestations annonc\u00e9es par l\u2019opposition pour contester le processus \u00e9lectoral. Qu&#8217;est ce que Mamadou Tour\u00e9 a dit?<\/p>\n<p>Article \u00e0 d\u00e9couvrir dans vos kiosques et en ligne sur&#8230;<\/p>\n<p><a href=\"https:\/\/news.abidjan.net\/titrologie\/39-lintelligent-dabidjan\/articles\" target=\"_blank\">https:\/\/news.abidjan.net\/titrologie\/39-lintelligent-dabidjan\/articles<\/a><\/p>\n<p>\u00c0 voir \u00e9galement le programme du Sila qui s&#8217;ouvre aujourd&#8217;hui et ce que Marguerite Abouet a fait hier , Bli Bl\u00e9 n&#8217;exclut rien \u00e0 l&#8217;AG de ce jour dans le cadre des menaces sur les examens scolaires ?, Bl\u00e9 Goud\u00e9 choisit pour un meeting pr\u00e9vu dans 25 jours par la Coalition pro Thiam, Zadi Dj\u00e9dj\u00e9 promet un grand d\u00e9ballage demain face \u00e0 la presse, Ma\u00efzan No\u00ebl et Nass\u00e9n\u00e9ba Tour\u00e9 mobilisent pour le Rhdp \u00e0 Bondoukou, Une formation sur l&#8217;\u00e9tat civil et les services consulaires initi\u00e9e aux Ambassades et consuls g\u00e9n\u00e9raux en Am\u00e9rique , une analyse sur le contentieux \u00e9lectoral .<\/p>\n<p>Cliquer pour les d\u00e9tails<\/p>\n<p><a href=\"https:\/\/www.afrikipresse.fr\/abonnement\" target=\"_blank\">https:\/\/www.afrikipresse.fr\/abonnement<\/a><\/p>\n<p>\u00c0 lire aussi une Contribution : Nationalit\u00e9 et contentieux \u00e9lectoral -Le minist\u00e8re de la justice assure que la pol\u00e9mique en cours ne se justifie pas et A\u00efchata Sanogo \u00e9lue Miss du Tonkpi-Gu\u00e9mon<\/p>\n<p><a href=\"https:\/\/www.pressecotedivoire.fr\/titrologie\" target=\"_blank\">https:\/\/www.pressecotedivoire.fr\/titrologie<\/a><\/p>\n","protected":false},"excerpt":{"rendered":"<p>Mamadou Tour\u00e9, ministre de la Promotion de la Jeunesse, de l\u2019Insertion socioprofessionnelle et du Service civique, ainsi que porte-parole adjoint du RHDP, \u00e9tait l\u2019invit\u00e9 de TV5 le lundi 5 mai 2025. Il a abord\u00e9 la situation sociopolitique, marqu\u00e9e notamment par la radiation du pr\u00e9sident du PDCI, Tidjane Thiam, de la liste \u00e9lectorale, ainsi que par [&hellip;]<\/p>\n","protected":false},"author":4,"featured_media":38082,"comment_status":"closed","ping_status":"closed","sticky":false,"template":"","format":"standard","meta":{"_monsterinsights_skip_tracking":false,"_monsterinsights_sitenote_active":false,"_monsterinsights_sitenote_note":"","_monsterinsights_sitenote_category":0,"footnotes":""},"categories":[2,3],"tags":[],"class_list":["post-38081","post","type-post","status-publish","format-standard","has-post-thumbnail","hentry","category-featured","category-societe"],"_links":{"self":[{"href":"https:\/\/www.lintelligentdabidjan.info\/news\/wp-json\/wp\/v2\/posts\/38081","targetHints":{"allow":["GET"]}}],"collection":[{"href":"https:\/\/www.lintelligentdabidjan.info\/news\/wp-json\/wp\/v2\/posts"}],"about":[{"href":"https:\/\/www.lintelligentdabidjan.info\/news\/wp-json\/wp\/v2\/types\/post"}],"author":[{"embeddable":true,"href":"https:\/\/www.lintelligentdabidjan.info\/news\/wp-json\/wp\/v2\/users\/4"}],"replies":[{"embeddable":true,"href":"https:\/\/www.lintelligentdabidjan.info\/news\/wp-json\/wp\/v2\/comments?post=38081"}],"version-history":[{"count":1,"href":"https:\/\/www.lintelligentdabidjan.info\/news\/wp-json\/wp\/v2\/posts\/38081\/revisions"}],"predecessor-version":[{"id":38083,"href":"https:\/\/www.lintelligentdabidjan.info\/news\/wp-json\/wp\/v2\/posts\/38081\/revisions\/38083"}],"wp:featuredmedia":[{"embeddable":true,"href":"https:\/\/www.lintelligentdabidjan.info\/news\/wp-json\/wp\/v2\/media\/38082"}],"wp:attachment":[{"href":"https:\/\/www.lintelligentdabidjan.info\/news\/wp-json\/wp\/v2\/media?parent=38081"}],"wp:term":[{"taxonomy":"category","embeddable":true,"href":"https:\/\/www.lintelligentdabidjan.info\/news\/wp-json\/wp\/v2\/categories?post=38081"},{"taxonomy":"post_tag","embeddable":true,"href":"https:\/\/www.lintelligentdabidjan.info\/news\/wp-json\/wp\/v2\/tags?post=38081"}],"curies":[{"name":"wp","href":"https:\/\/api.w.org\/{rel}","templated":true}]}}