{"id":38097,"date":"2025-05-07T03:37:12","date_gmt":"2025-05-07T01:37:12","guid":{"rendered":"https:\/\/www.lintelligentdabidjan.info\/news\/?p=38097"},"modified":"2025-05-07T03:37:17","modified_gmt":"2025-05-07T01:37:17","slug":"ecole-de-qualite-dans-un-environnement-apaise-mariatou-kone-encourage-une-organisation-de-la-societe-civile","status":"publish","type":"post","link":"https:\/\/www.lintelligentdabidjan.info\/news\/ecole-de-qualite-dans-un-environnement-apaise-mariatou-kone-encourage-une-organisation-de-la-societe-civile\/","title":{"rendered":"\u00c9cole de qualit\u00e9 dans un environnement apais\u00e9-  Mariatou Kon\u00e9 encourage une organisation de la soci\u00e9t\u00e9 civile"},"content":{"rendered":"<p><em><strong>Mariatou Kon\u00e9 encourage une organisation de la soci\u00e9t\u00e9 civile pour une \u00e9cole de qualit\u00e9 dans un environnement apais\u00e9.<\/strong><\/em><\/p>\n<p>La double c\u00e9r\u00e9monie de l\u2019Assembl\u00e9e g\u00e9n\u00e9rale constitutive et la pr\u00e9sentation des membres du R\u00e9seau des Organisations de la Soci\u00e9t\u00e9 Civile pour l&#8217;\u00e9ducation et l&#8217;alphab\u00e9tisation en C\u00f4te d&#8217;Ivoire (Roeci ), s&#8217;est tenue le lundi 5 mai 2025 \u00e0 14h, au Centre National de Mat\u00e9riels Scientifique (Cnms) d&#8217;Abidjan-Cocody.<\/p>\n<p>Regroupant plus d&#8217;une trentaine d&#8217;organisations de la soci\u00e9t\u00e9 civile, le R\u00e9seau des Organisations de la Soci\u00e9t\u00e9 Civile pour l\u2019\u00c9ducation et l\u2019Alphab\u00e9tisation en C\u00f4te d&#8217;Ivoire (Roeci) veut prendre une part active dans la promotion d\u2019une \u00e9cole de qualit\u00e9 dans un environnement apais\u00e9. Pr\u00e9sidente de cette c\u00e9r\u00e9monie, Pr. Mariatou Kon\u00e9, ministre de l&#8217;\u00c9ducation Nationale et de l\u2019Alphab\u00e9tisation, a soulign\u00e9 que la cr\u00e9ation de ce r\u00e9seau r\u00e9sulte de sa volont\u00e9 de mobiliser tous les acteurs du syst\u00e8me \u00e9ducatif et les impliquer davantage dans la gestion de l&#8217;\u00e9cole ivoirienne. \u00abJ&#8217;ai constat\u00e9 en effet, l&#8217;absence ou la faiblesse de l&#8217;implication des organisations de la soci\u00e9t\u00e9 civile dans la gestion de l&#8217;\u00e9cole. Voil\u00e0 pourquoi le 5 d\u00e9cembre 2024, j&#8217;ai lanc\u00e9 un appel \u00e0 la mise en place d&#8217;une plateforme des organisations de la soci\u00e9t\u00e9 civile pour l&#8217;\u00e9ducation\u00bb, a-t-elle rappel\u00e9.<\/p>\n<p>La ministre a  soulign\u00e9 l&#8217;importance  de la soci\u00e9t\u00e9 civile dans la gestion moderne de l&#8217;\u00e9ducation nationale et de l\u2019alphab\u00e9tisation. \u00ab Les organisations de la soci\u00e9t\u00e9 civile sont importantes pour nous parce qu\u2019elles sensibilisent et expliquent aux populations en g\u00e9n\u00e9ral, aux parents d&#8217;\u00e9l\u00e8ves et aux \u00e9l\u00e8ves en particulier, les enjeux et les d\u00e9fis auxquels notre syst\u00e8me \u00e9ducatif doit faire face. Elles jouent \u00e9galement un r\u00f4le essentiel pour expliquer les d\u00e9cisions et les r\u00e9formes du gouvernement en mati\u00e8re \u00e9ducative aux populations, afin de favoriser leur adh\u00e9sion et une meilleure mise en \u0153uvre. Il est tout aussi important qu&#8217;elles remontent au gouvernement, les impressions, les sentiments des populations, ainsi que les impacts des d\u00e9cisions prises et des r\u00e9formes engag\u00e9es, afin d&#8217;apporter d&#8217;\u00e9ventuels correctifs n\u00e9cessaires\u00bb,  a-t-elle indiqu\u00e9.<\/p>\n<p>Le pr\u00e9sident du Conseil d\u2019Administration, Gnangbo Christophe a r\u00e9affirm\u00e9 la volont\u00e9 et l&#8217;engagement de son r\u00e9seau \u00e0 d\u00e9fendre les int\u00e9r\u00eats de l&#8217;\u00e9cole, \u00e0 travers des plaidoyers, des actions de sensibilisation, sans coloration politique et sans prendre l&#8217;allure d&#8217;un club de soutien. Poursuivant, il a indiqu\u00e9 que le Roeci va  s&#8217;appuyer sur trois axes majeurs pour exercer pleinement son r\u00f4le \u00e0 l&#8217;information et la sensibilisation concernant la politique \u00e9ducative, la transmission des r\u00e9alit\u00e9s du terrain de l&#8217;\u00e9cole ivoirienne et le suivi citoyen des grands projets.<\/p>\n<p>Des statuts et r\u00e8glements du r\u00e9seau ont \u00e9t\u00e9 remis \u00e0 la ministre Mariatou Kon\u00e9.<\/p>\n<p>Tour\u00e9 Abdoulaye avec A. Traor\u00e9<\/p>\n","protected":false},"excerpt":{"rendered":"<p>Mariatou Kon\u00e9 encourage une organisation de la soci\u00e9t\u00e9 civile pour une \u00e9cole de qualit\u00e9 dans un environnement apais\u00e9. La double c\u00e9r\u00e9monie de l\u2019Assembl\u00e9e g\u00e9n\u00e9rale constitutive et la pr\u00e9sentation des membres du R\u00e9seau des Organisations de la Soci\u00e9t\u00e9 Civile pour l&#8217;\u00e9ducation et l&#8217;alphab\u00e9tisation en C\u00f4te d&#8217;Ivoire (Roeci ), s&#8217;est tenue le lundi 5 mai 2025 \u00e0 [&hellip;]<\/p>\n","protected":false},"author":4,"featured_media":38098,"comment_status":"closed","ping_status":"closed","sticky":false,"template":"","format":"standard","meta":{"_monsterinsights_skip_tracking":false,"_monsterinsights_sitenote_active":false,"_monsterinsights_sitenote_note":"","_monsterinsights_sitenote_category":0,"footnotes":""},"categories":[2,3],"tags":[1333,5120,376,4683,3551,2147],"class_list":["post-38097","post","type-post","status-publish","format-standard","has-post-thumbnail","hentry","category-featured","category-societe","tag-ecole","tag-environnement-apaise","tag-mariatou-kone","tag-organisation","tag-qualite","tag-societe-civile"],"_links":{"self":[{"href":"https:\/\/www.lintelligentdabidjan.info\/news\/wp-json\/wp\/v2\/posts\/38097","targetHints":{"allow":["GET"]}}],"collection":[{"href":"https:\/\/www.lintelligentdabidjan.info\/news\/wp-json\/wp\/v2\/posts"}],"about":[{"href":"https:\/\/www.lintelligentdabidjan.info\/news\/wp-json\/wp\/v2\/types\/post"}],"author":[{"embeddable":true,"href":"https:\/\/www.lintelligentdabidjan.info\/news\/wp-json\/wp\/v2\/users\/4"}],"replies":[{"embeddable":true,"href":"https:\/\/www.lintelligentdabidjan.info\/news\/wp-json\/wp\/v2\/comments?post=38097"}],"version-history":[{"count":1,"href":"https:\/\/www.lintelligentdabidjan.info\/news\/wp-json\/wp\/v2\/posts\/38097\/revisions"}],"predecessor-version":[{"id":38099,"href":"https:\/\/www.lintelligentdabidjan.info\/news\/wp-json\/wp\/v2\/posts\/38097\/revisions\/38099"}],"wp:featuredmedia":[{"embeddable":true,"href":"https:\/\/www.lintelligentdabidjan.info\/news\/wp-json\/wp\/v2\/media\/38098"}],"wp:attachment":[{"href":"https:\/\/www.lintelligentdabidjan.info\/news\/wp-json\/wp\/v2\/media?parent=38097"}],"wp:term":[{"taxonomy":"category","embeddable":true,"href":"https:\/\/www.lintelligentdabidjan.info\/news\/wp-json\/wp\/v2\/categories?post=38097"},{"taxonomy":"post_tag","embeddable":true,"href":"https:\/\/www.lintelligentdabidjan.info\/news\/wp-json\/wp\/v2\/tags?post=38097"}],"curies":[{"name":"wp","href":"https:\/\/api.w.org\/{rel}","templated":true}]}}