{"id":38109,"date":"2025-05-08T06:42:08","date_gmt":"2025-05-08T04:42:08","guid":{"rendered":"https:\/\/www.lintelligentdabidjan.info\/news\/?p=38109"},"modified":"2025-05-08T06:42:13","modified_gmt":"2025-05-08T04:42:13","slug":"lutte-contre-la-deforestation-des-plants-de-tecks-reboises-a-nzere","status":"publish","type":"post","link":"https:\/\/www.lintelligentdabidjan.info\/news\/lutte-contre-la-deforestation-des-plants-de-tecks-reboises-a-nzere\/","title":{"rendered":"Lutte contre la d\u00e9forestation-  Des plants de tecks rebois\u00e9s \u00e0 N\u2019z\u00e9r\u00e9"},"content":{"rendered":"<p><strong>Le Banco Park Festival, qui en est \u00e0 sa troisi\u00e8me \u00e9dition, met la protection de l\u2019environnement au c\u0153ur de ses priorit\u00e9s. \u00c0 travers ce festival, les organisateurs veulent sensibiliser le public \u00e0 l\u2019importance du reboisement, un enjeu majeur pour la C\u00f4te d\u2019Ivoire. Lors d\u2019une conf\u00e9rence de presse \u00e0 l\u2019universit\u00e9 Imhotep Academy de Cocody Angr\u00e9, le commissaire g\u00e9n\u00e9ral du festival, Fran\u00e7ois Kouam\u00e9, a annonc\u00e9 que la journ\u00e9e de reboisement s\u2019est d\u00e9roul\u00e9e le 19 avril 2025 dans le village de N\u2019Z\u00e9r\u00e9, situ\u00e9 dans le District autonome de Yamoussoukro.<\/strong><\/p>\n<p>\u00ab C\u2019est une parcelle d\u2019un hectare qui a \u00e9t\u00e9 consacr\u00e9e \u00e0 l\u2019op\u00e9ration de planting avec les plants de bois de tecks \u00bb, a dit Fran\u00e7ois Kouam\u00e9.  <\/p>\n<p>Quant \u00e0 Thierry Legnon, pr\u00e9sident du comit\u00e9 d\u2019organisation de la 3e \u00e9dition du Banco Park Festival, il a annonc\u00e9 que l\u2019\u00e9v\u00e9nement se tiendra les 22, 23 et 24 mai 2025. Plusieurs activit\u00e9s sont pr\u00e9vues, notamment une journ\u00e9e scientifique, une marche verte et une journ\u00e9e culturelle. La marche verte constitue l\u2019une des principales innovations de cette \u00e9dition.<\/p>\n<p>Elle vise la cause de l\u2019environnement et \u00e0 r\u00e9unir, autour du concept, toutes les personnes qui \u0153uvrent, de quelque mani\u00e8re que ce soit, \u00e0 la protection de l\u2019environnement. Le point de d\u00e9part de la marche est le march\u00e9 des fruits Dominique Ouattara, jusqu\u2019\u00e0 l\u2019arboretum, o\u00f9 une pause spectacle sera observ\u00e9e. La participation \u00e0 la marche verte est gratuite. Cependant, comme l\u2019acc\u00e8s au Parc national du Banco est payant, tous les marcheurs devront pr\u00e9voir leurs tickets d\u2019entr\u00e9e. Le festival se d\u00e9roulera respectivement \u00e0 l\u2019Institut national sup\u00e9rieur des arts et de l\u2019action culturelle (INSAAC), au sein du Parc national du Banco et \u00e0 Agban Village, sous le th\u00e8me : \u201cJeunesse et d\u00e9veloppement durable. \u00bb, a pr\u00e9cis\u00e9 Thierry Legnon. <\/p>\n<p> \u00c0 son tour, Arm\u00e8ne Doua, vice-pr\u00e9sidente du comit\u00e9 d\u2019organisation, a pr\u00e9cis\u00e9 que le but recherch\u00e9 par les promoteurs est de contribuer \u00e0 la promotion des for\u00eats, des espaces verts, des parcs et des r\u00e9serves \u00e0 travers l\u2019\u00e9cotourisme, l\u2019\u00e9cosport et l\u2019\u00e9coart. Plac\u00e9 sous le parrainage du directeur g\u00e9n\u00e9ral de l\u2019Imhotep Academy, le festival a enregistr\u00e9 de nouveaux partenaires.<\/p>\n<p><strong>Foums\u00e9k\u00e9  Coulibaly<\/strong><\/p>\n","protected":false},"excerpt":{"rendered":"<p>Le Banco Park Festival, qui en est \u00e0 sa troisi\u00e8me \u00e9dition, met la protection de l\u2019environnement au c\u0153ur de ses priorit\u00e9s. \u00c0 travers ce festival, les organisateurs veulent sensibiliser le public \u00e0 l\u2019importance du reboisement, un enjeu majeur pour la C\u00f4te d\u2019Ivoire. Lors d\u2019une conf\u00e9rence de presse \u00e0 l\u2019universit\u00e9 Imhotep Academy de Cocody Angr\u00e9, le [&hellip;]<\/p>\n","protected":false},"author":4,"featured_media":38110,"comment_status":"closed","ping_status":"closed","sticky":false,"template":"","format":"standard","meta":{"_monsterinsights_skip_tracking":false,"_monsterinsights_sitenote_active":false,"_monsterinsights_sitenote_note":"","_monsterinsights_sitenote_category":0,"footnotes":""},"categories":[2,18,3],"tags":[5126,5125,5128,5127],"class_list":["post-38109","post","type-post","status-publish","format-standard","has-post-thumbnail","hentry","category-featured","category-economie","category-societe","tag-des-plants","tag-lutte-contre-la-deforestation","tag-nzere","tag-tecks-reboises"],"_links":{"self":[{"href":"https:\/\/www.lintelligentdabidjan.info\/news\/wp-json\/wp\/v2\/posts\/38109","targetHints":{"allow":["GET"]}}],"collection":[{"href":"https:\/\/www.lintelligentdabidjan.info\/news\/wp-json\/wp\/v2\/posts"}],"about":[{"href":"https:\/\/www.lintelligentdabidjan.info\/news\/wp-json\/wp\/v2\/types\/post"}],"author":[{"embeddable":true,"href":"https:\/\/www.lintelligentdabidjan.info\/news\/wp-json\/wp\/v2\/users\/4"}],"replies":[{"embeddable":true,"href":"https:\/\/www.lintelligentdabidjan.info\/news\/wp-json\/wp\/v2\/comments?post=38109"}],"version-history":[{"count":1,"href":"https:\/\/www.lintelligentdabidjan.info\/news\/wp-json\/wp\/v2\/posts\/38109\/revisions"}],"predecessor-version":[{"id":38111,"href":"https:\/\/www.lintelligentdabidjan.info\/news\/wp-json\/wp\/v2\/posts\/38109\/revisions\/38111"}],"wp:featuredmedia":[{"embeddable":true,"href":"https:\/\/www.lintelligentdabidjan.info\/news\/wp-json\/wp\/v2\/media\/38110"}],"wp:attachment":[{"href":"https:\/\/www.lintelligentdabidjan.info\/news\/wp-json\/wp\/v2\/media?parent=38109"}],"wp:term":[{"taxonomy":"category","embeddable":true,"href":"https:\/\/www.lintelligentdabidjan.info\/news\/wp-json\/wp\/v2\/categories?post=38109"},{"taxonomy":"post_tag","embeddable":true,"href":"https:\/\/www.lintelligentdabidjan.info\/news\/wp-json\/wp\/v2\/tags?post=38109"}],"curies":[{"name":"wp","href":"https:\/\/api.w.org\/{rel}","templated":true}]}}