{"id":38115,"date":"2025-05-08T06:48:12","date_gmt":"2025-05-08T04:48:12","guid":{"rendered":"https:\/\/www.lintelligentdabidjan.info\/news\/?p=38115"},"modified":"2025-05-08T06:48:16","modified_gmt":"2025-05-08T04:48:16","slug":"universite-de-bouake-larsoc-explore-les-dynamiques-territoriales-lors-dune-conference-scientifique","status":"publish","type":"post","link":"https:\/\/www.lintelligentdabidjan.info\/news\/universite-de-bouake-larsoc-explore-les-dynamiques-territoriales-lors-dune-conference-scientifique\/","title":{"rendered":"Universit\u00e9 de Bouak\u00e9-  Larsoc explore les dynamiques territoriales lors d\u2019une conf\u00e9rence scientifique"},"content":{"rendered":"<p><em><strong>Dans le cadre de sa journ\u00e9e scientifique, le Laboratoire d\u2019Analyse et de Recherche sur les Soci\u00e9t\u00e9s et Civilisations (Larsoc) a organis\u00e9, le mardi 6 mai 2025, une conf\u00e9rence acad\u00e9mique autour du th\u00e8me : \u00ab Territoire : enjeux et perspectives \u00bb. L\u2019\u00e9v\u00e9nement s\u2019est tenu \u00e0 l\u2019American Space du campus 2 de l\u2019Universit\u00e9 Alassane Ouattara de Bouak\u00e9, en pr\u00e9sence d\u2019un large public compos\u00e9 d\u2019enseignants-chercheurs, de docteurs et d\u2019\u00e9tudiants issus de plusieurs d\u00e9partements de l\u2019\u00e9tablissement.<\/strong><\/em><\/p>\n<p>Selon Y\u00e9o Mitanhantcha, pr\u00e9sident du comit\u00e9 d\u2019organisation, le choix de cette th\u00e9matique s\u2019explique par sa pertinence dans un contexte mondial marqu\u00e9 par des mutations spatiales, politiques et sociales. \u00ab C\u2019est une question d\u2019actualit\u00e9. Le territoire est devenu un espace dynamique o\u00f9 s\u2019entrelacent enjeux g\u00e9opolitiques, culturels et \u00e9conomiques \u00bb, a-t-il soulign\u00e9. Pendant pr\u00e8s de deux heures, les conf\u00e9renciers se sont succ\u00e9d\u00e9 pour \u00e9clairer les participants sur les multiples dimensions du territoire, en l\u2019abordant sous des angles juridique, g\u00e9ographique et historique. Le professeur Sangar\u00e9 Souleymane, historien et directeur du Larsoc, a ouvert les \u00e9changes en mettant en lumi\u00e8re la centralit\u00e9 du territoire dans l\u2019histoire de l\u2019humanit\u00e9. Selon lui, la conqu\u00eate, l\u2019occupation et la pr\u00e9servation des territoires sont des constantes dans le d\u00e9veloppement des civilisations.<\/p>\n<p>\u00ab Depuis les origines, l\u2019homme a toujours eu besoin d\u2019un territoire pour s\u2019installer. Avec la croissance d\u00e9mographique, les populations ont \u00e9t\u00e9 amen\u00e9es \u00e0 s\u2019\u00e9tendre, \u00e0 explorer et \u00e0 coloniser de nouveaux espaces. Le territoire est donc essentiel. Il nous revient aujourd\u2019hui de veiller \u00e0 la paix et \u00e0 la coh\u00e9sion \u00e0 l\u2019int\u00e9rieur de nos espaces pour favoriser le d\u00e9veloppement \u00bb, a-t-il affirm\u00e9.<\/p>\n<p>Quant au docteur Gu\u00e9d\u00e9 One Enoc, g\u00e9ographe et politologue, il a centr\u00e9 son intervention sur la coop\u00e9ration r\u00e9gionale et le vivre-ensemble dans l\u2019espace ouest-africain, en particulier entre les pays de l\u2019AES et de la Cedeao. Il a insist\u00e9 sur l\u2019importance du dialogue et de la solidarit\u00e9 entre les \u00c9tats pour faire face aux d\u00e9fis migratoires et s\u00e9curitaires.<\/p>\n<p>\u00ab Nous partageons le m\u00eame espace. Il est donc n\u00e9cessaire de maintenir un dialogue constant avec nos partenaires de l\u2019AES. Les populations sont d\u00e9sormais tr\u00e8s imbriqu\u00e9es, la migration est une r\u00e9alit\u00e9, et seule une action concert\u00e9e pourra garantir un avenir meilleur \u00e0 nos peuples \u00bb, a-t-il d\u00e9clar\u00e9.<\/p>\n<p>\u00c0 l\u2019issue de la conf\u00e9rence, de nombreux participants se sont dit satisfaits de la qualit\u00e9 des communications et des \u00e9changes. C\u2019est le cas de Gaye Kedash Jean-Yves, \u00e9tudiant en master d\u2019histoire, qui a exprim\u00e9 son enthousiasme :<\/p>\n<p>\u00ab Ces pan\u00e9listes ont su d\u00e9montrer l\u2019importance strat\u00e9gique du territoire dans la construction et la stabilit\u00e9 des \u00c9tats. Cette journ\u00e9e a \u00e9t\u00e9 v\u00e9ritablement enrichissante. Gr\u00e2ce \u00e0 cette conf\u00e9rence, j\u2019ai beaucoup appris. \u00bb <\/p>\n<p>En initiant cette rencontre, le Larsoc confirme sa volont\u00e9 de contribuer, \u00e0 travers la recherche et la r\u00e9flexion scientifique, \u00e0 l\u2019approfondissement des d\u00e9bats sur les grandes probl\u00e9matiques contemporaines.<\/p>\n<p><strong>Nambac\u00e9r\u00e9 Jo\u00ebl <\/strong><\/p>\n","protected":false},"excerpt":{"rendered":"<p>Dans le cadre de sa journ\u00e9e scientifique, le Laboratoire d\u2019Analyse et de Recherche sur les Soci\u00e9t\u00e9s et Civilisations (Larsoc) a organis\u00e9, le mardi 6 mai 2025, une conf\u00e9rence acad\u00e9mique autour du th\u00e8me : \u00ab Territoire : enjeux et perspectives \u00bb. L\u2019\u00e9v\u00e9nement s\u2019est tenu \u00e0 l\u2019American Space du campus 2 de l\u2019Universit\u00e9 Alassane Ouattara de Bouak\u00e9, [&hellip;]<\/p>\n","protected":false},"author":4,"featured_media":38116,"comment_status":"closed","ping_status":"closed","sticky":false,"template":"","format":"standard","meta":{"_monsterinsights_skip_tracking":false,"_monsterinsights_sitenote_active":false,"_monsterinsights_sitenote_note":"","_monsterinsights_sitenote_category":0,"footnotes":""},"categories":[2,3],"tags":[5133,5132,5131,3249],"class_list":["post-38115","post","type-post","status-publish","format-standard","has-post-thumbnail","hentry","category-featured","category-societe","tag-conference-scientifique","tag-dynamiques-territoriales","tag-larsoc","tag-universite-de-bouake"],"_links":{"self":[{"href":"https:\/\/www.lintelligentdabidjan.info\/news\/wp-json\/wp\/v2\/posts\/38115","targetHints":{"allow":["GET"]}}],"collection":[{"href":"https:\/\/www.lintelligentdabidjan.info\/news\/wp-json\/wp\/v2\/posts"}],"about":[{"href":"https:\/\/www.lintelligentdabidjan.info\/news\/wp-json\/wp\/v2\/types\/post"}],"author":[{"embeddable":true,"href":"https:\/\/www.lintelligentdabidjan.info\/news\/wp-json\/wp\/v2\/users\/4"}],"replies":[{"embeddable":true,"href":"https:\/\/www.lintelligentdabidjan.info\/news\/wp-json\/wp\/v2\/comments?post=38115"}],"version-history":[{"count":1,"href":"https:\/\/www.lintelligentdabidjan.info\/news\/wp-json\/wp\/v2\/posts\/38115\/revisions"}],"predecessor-version":[{"id":38117,"href":"https:\/\/www.lintelligentdabidjan.info\/news\/wp-json\/wp\/v2\/posts\/38115\/revisions\/38117"}],"wp:featuredmedia":[{"embeddable":true,"href":"https:\/\/www.lintelligentdabidjan.info\/news\/wp-json\/wp\/v2\/media\/38116"}],"wp:attachment":[{"href":"https:\/\/www.lintelligentdabidjan.info\/news\/wp-json\/wp\/v2\/media?parent=38115"}],"wp:term":[{"taxonomy":"category","embeddable":true,"href":"https:\/\/www.lintelligentdabidjan.info\/news\/wp-json\/wp\/v2\/categories?post=38115"},{"taxonomy":"post_tag","embeddable":true,"href":"https:\/\/www.lintelligentdabidjan.info\/news\/wp-json\/wp\/v2\/tags?post=38115"}],"curies":[{"name":"wp","href":"https:\/\/api.w.org\/{rel}","templated":true}]}}