{"id":38122,"date":"2025-05-09T05:07:44","date_gmt":"2025-05-09T03:07:44","guid":{"rendered":"https:\/\/www.lintelligentdabidjan.info\/news\/?p=38122"},"modified":"2025-05-09T05:07:48","modified_gmt":"2025-05-09T03:07:48","slug":"pco-du-31-mai-2025-ble-goude-un-meeting-ne-doit-pas-etre-un-lieu-de-mort","status":"publish","type":"post","link":"https:\/\/www.lintelligentdabidjan.info\/news\/pco-du-31-mai-2025-ble-goude-un-meeting-ne-doit-pas-etre-un-lieu-de-mort\/","title":{"rendered":"PCO du 31 mai 2025-Bl\u00e9 Goud\u00e9 : \u00ab Un meeting ne doit pas \u00eatre un lieu de mort \u00bb"},"content":{"rendered":"<p><strong>\u00c0 l\u2019occasion de la d\u00e9dicace de son ouvrage &#8221;Mon grand-p\u00e8re m\u2019a dit&#8221;, le jeudi 8 mai 2025, lors de la 15e \u00e9dition du Salon international du livre d\u2019Abidjan (SILA), organis\u00e9e au Parc des expositions de Port-Bou\u00ebt, Charles Bl\u00e9 Goud\u00e9, pr\u00e9sident du COJEP, s\u2019est exprim\u00e9 sur le plateau de L\u2019Intelligent TV, m\u00e9dia officiel du Salon.<\/strong><\/p>\n<p>Il a notamment r\u00e9agi \u00e0 sa nomination en tant que pr\u00e9sident du comit\u00e9 d\u2019organisation du meeting pr\u00e9vu le 31 mai 2025 par les partis politiques de la Coalition pour l\u2019alternance pacifique en C\u00f4te d\u2019Ivoire (CAP-CI). \u00ab Le v\u00e9ritable d\u00e9fi que j\u2019ai \u00e0 relever n\u2019est pas celui de la mobilisation, mais celui de la discipline, de l\u2019ordre, de la s\u00e9curit\u00e9. J\u2019ai l\u00e0 l\u2019occasion de d\u00e9montrer qu\u2019un meeting est un moyen d\u2019expression d\u00e9mocratique. Il faut qu\u2019on s\u2019habitue \u00e0 cela. Un meeting ne doit pas \u00eatre per\u00e7u comme un lieu de mort. J\u2019entends certains dire : \u201cIls vont aller au meeting, il ne faut pas aller mourir.\u201d Mais qui va les tuer ? Il suffit juste d\u2019encadrer les choses. En tout cas, le chaos en C\u00f4te d\u2019Ivoire ne passera pas par moi \u00bb, a-t-il d\u00e9clar\u00e9.<\/p>\n<p>Concernant son absence sur la liste \u00e9lectorale, Charles Bl\u00e9 Goud\u00e9 reste convaincu que le dialogue peut permettre de r\u00e9soudre bien des situations. Selon lui, tout n\u2019est pas uniquement juridique : \u00ab On parle aujourd\u2019hui de Ousmane Sonko, de Diomaye Faye&#8230; Ils ont \u00e9t\u00e9 r\u00e9int\u00e9gr\u00e9s sur la liste \u00e9lectorale parce que Macky Sall a pris une loi d\u2019amnistie, permettant ainsi \u00e0 Diomaye Faye d\u2019\u00eatre \u00e9ligible et d\u00e9sign\u00e9 par Ousmane Sonko. Il faut aussi savoir copier les bons exemples. \u00bb<\/p>\n<p><strong>La place du livre dans le projet de gouvernance de Bl\u00e9 Goud\u00e9<\/strong><\/p>\n<p>Il a soulign\u00e9 l\u2019importance de la culture et du livre dans son projet de gouvernance : \u00ab On peut \u00eatre pauvre et avoir de bonnes id\u00e9es. Il ne faut pas que la pauvret\u00e9 tue les id\u00e9es. Je voterai un fonds pour encourager l\u2019\u00e9criture, la promotion du livre et surtout l\u2019\u00e9dition. Au-del\u00e0 du livre, c\u2019est la culture que je veux soutenir. Aujourd\u2019hui, quelqu\u2019un qui veut organiser une exposition se heurte au co\u00fbt \u00e9lev\u00e9 des salles. Les artistes, les humoristes, les promoteurs culturels en souffrent. Moi, je vais casser les prix des salles pour leur permettre de respirer un peu. \u00bb<\/p>\n<p>&#8221;Mon grand-p\u00e8re m\u2019a dit&#8221; est le cinqui\u00e8me ouvrage de Charles Bl\u00e9 Goud\u00e9. Il rassemble 31 proverbes \u00e0 travers lesquels l\u2019auteur invite la jeunesse africaine \u00e0 puiser dans ses racines culturelles, \u00e0 les valoriser et \u00e0 les utiliser comme tremplin pour s\u2019ouvrir au monde. \u00ab Un peuple sans culture est comme un arbre sans racines \u00bb, soutient-il.<\/p>\n<p><strong>Ibrahim Khalil<\/strong><\/p>\n","protected":false},"excerpt":{"rendered":"<p>\u00c0 l\u2019occasion de la d\u00e9dicace de son ouvrage &#8221;Mon grand-p\u00e8re m\u2019a dit&#8221;, le jeudi 8 mai 2025, lors de la 15e \u00e9dition du Salon international du livre d\u2019Abidjan (SILA), organis\u00e9e au Parc des expositions de Port-Bou\u00ebt, Charles Bl\u00e9 Goud\u00e9, pr\u00e9sident du COJEP, s\u2019est exprim\u00e9 sur le plateau de L\u2019Intelligent TV, m\u00e9dia officiel du Salon. Il [&hellip;]<\/p>\n","protected":false},"author":4,"featured_media":38123,"comment_status":"closed","ping_status":"closed","sticky":false,"template":"","format":"standard","meta":{"_monsterinsights_skip_tracking":false,"_monsterinsights_sitenote_active":false,"_monsterinsights_sitenote_note":"","_monsterinsights_sitenote_category":0,"footnotes":""},"categories":[2,20],"tags":[1056,648,3109,5134],"class_list":["post-38122","post","type-post","status-publish","format-standard","has-post-thumbnail","hentry","category-featured","category-art-et-culture","tag-ble-goude","tag-meeting","tag-mort","tag-pco"],"_links":{"self":[{"href":"https:\/\/www.lintelligentdabidjan.info\/news\/wp-json\/wp\/v2\/posts\/38122","targetHints":{"allow":["GET"]}}],"collection":[{"href":"https:\/\/www.lintelligentdabidjan.info\/news\/wp-json\/wp\/v2\/posts"}],"about":[{"href":"https:\/\/www.lintelligentdabidjan.info\/news\/wp-json\/wp\/v2\/types\/post"}],"author":[{"embeddable":true,"href":"https:\/\/www.lintelligentdabidjan.info\/news\/wp-json\/wp\/v2\/users\/4"}],"replies":[{"embeddable":true,"href":"https:\/\/www.lintelligentdabidjan.info\/news\/wp-json\/wp\/v2\/comments?post=38122"}],"version-history":[{"count":1,"href":"https:\/\/www.lintelligentdabidjan.info\/news\/wp-json\/wp\/v2\/posts\/38122\/revisions"}],"predecessor-version":[{"id":38124,"href":"https:\/\/www.lintelligentdabidjan.info\/news\/wp-json\/wp\/v2\/posts\/38122\/revisions\/38124"}],"wp:featuredmedia":[{"embeddable":true,"href":"https:\/\/www.lintelligentdabidjan.info\/news\/wp-json\/wp\/v2\/media\/38123"}],"wp:attachment":[{"href":"https:\/\/www.lintelligentdabidjan.info\/news\/wp-json\/wp\/v2\/media?parent=38122"}],"wp:term":[{"taxonomy":"category","embeddable":true,"href":"https:\/\/www.lintelligentdabidjan.info\/news\/wp-json\/wp\/v2\/categories?post=38122"},{"taxonomy":"post_tag","embeddable":true,"href":"https:\/\/www.lintelligentdabidjan.info\/news\/wp-json\/wp\/v2\/tags?post=38122"}],"curies":[{"name":"wp","href":"https:\/\/api.w.org\/{rel}","templated":true}]}}